{"id":959,"date":"2018-08-30T13:24:18","date_gmt":"2018-08-30T11:24:18","guid":{"rendered":"https:\/\/www.szabokertepito.hu\/tunderkertek\/?p=959"},"modified":"2019-04-16T12:02:59","modified_gmt":"2019-04-16T10:02:59","slug":"kiemelt-agyasok-lenduletben","status":"publish","type":"post","link":"https:\/\/www.szabokertepito.hu\/tunderkertek\/kiemelt-agyasok-lenduletben\/","title":{"rendered":"Kiemelt \u00e1gy\u00e1sok lend\u00fcletben"},"content":{"rendered":"\n<p>A kiemelt vetem\u00e9ny \u00e1gy\u00e1sok j\u00f3l teljes\u00edtenek&#8230; Ontj\u00e1k a paradicsomot, a sok paprik\u00e1t. Van padlizs\u00e1n, m\u00e1ngold, zellergum\u00f3, v\u00f6r\u00f6s \u00e9s lilahagyma, f\u0171szer \u00e9s limon\u00e1d\u00e9ba val\u00f3 n\u00f6v\u00e9nyek&#8230; \u00c9s volt m\u00e1r friss retek, zamatos szam\u00f3ca&#8230; 4 n\u00e9gyzem\u00e9teren&#8230;<\/p>\n\n\n\n<!--more-->\n\n\n\n<div class=\"wp-block-image\"><figure class=\"aligncenter\"><a href=\"https:\/\/i1.wp.com\/3.bp.blogspot.com\/-FW8nj5ey_bQ\/W3Mcxyyhi7I\/AAAAAAAAF48\/3nOuu5-nvnkig_dTHuv3D9yNAjnTJXwKQCLcBGAs\/s1600\/Kiemelt%2B%25C3%25A1gy%25C3%25A1s%2B02.jpg?ssl=1\"><img src=\"https:\/\/i1.wp.com\/3.bp.blogspot.com\/-FW8nj5ey_bQ\/W3Mcxyyhi7I\/AAAAAAAAF48\/3nOuu5-nvnkig_dTHuv3D9yNAjnTJXwKQCLcBGAs\/s640\/Kiemelt%2B%25C3%25A1gy%25C3%25A1s%2B02.jpg?w=640&#038;ssl=1\" alt=\"\" data-recalc-dims=\"1\"\/><\/a><\/figure><\/div>\n\n\n\n<div class=\"wp-block-image\"><figure class=\"aligncenter\"><a href=\"https:\/\/i1.wp.com\/1.bp.blogspot.com\/-WHYaETof3yA\/W3Mcx2reXsI\/AAAAAAAAF5A\/mx0_JcE9sL0FJLGwITd9Ma14vq5aJCaLACLcBGAs\/s1600\/Kiemelt%2B%25C3%25A1gy%25C3%25A1s%2B03.jpg?ssl=1\"><img src=\"https:\/\/i1.wp.com\/1.bp.blogspot.com\/-WHYaETof3yA\/W3Mcx2reXsI\/AAAAAAAAF5A\/mx0_JcE9sL0FJLGwITd9Ma14vq5aJCaLACLcBGAs\/s640\/Kiemelt%2B%25C3%25A1gy%25C3%25A1s%2B03.jpg?w=640&#038;ssl=1\" alt=\"\" data-recalc-dims=\"1\"\/><\/a><\/figure><\/div>\n\n\n\n<p>A vir\u00e1gok se akarnak elmaradni t\u0151l\u00fck.<\/p>\n\n\n\n<div class=\"wp-block-image\"><figure class=\"aligncenter\"><a href=\"https:\/\/i0.wp.com\/4.bp.blogspot.com\/-iYFgALc9LXg\/W3MdEohTH2I\/AAAAAAAAF5Q\/AHaMZ4zxM4UXvhVXmrTEv8KEWpDyoeXQACLcBGAs\/s1600\/Vir%25C3%25A1gok%2B01.jpg?ssl=1\"><img src=\"https:\/\/i1.wp.com\/4.bp.blogspot.com\/-iYFgALc9LXg\/W3MdEohTH2I\/AAAAAAAAF5Q\/AHaMZ4zxM4UXvhVXmrTEv8KEWpDyoeXQACLcBGAs\/s640\/Vir%25C3%25A1gok%2B01.jpg?w=640&#038;ssl=1\" alt=\"\" data-recalc-dims=\"1\"\/><\/a><\/figure><\/div>\n\n\n\n<div class=\"wp-block-image\"><figure class=\"aligncenter\"><a href=\"https:\/\/i1.wp.com\/4.bp.blogspot.com\/-bgYos9BXoH0\/W3MdEteZdEI\/AAAAAAAAF5U\/l5LZtPNfKyY7uB3tSw-Cl-gvfjbHyP0qACLcBGAs\/s1600\/Vir%25C3%25A1gok%2B02.jpg?ssl=1\"><img src=\"https:\/\/i0.wp.com\/4.bp.blogspot.com\/-bgYos9BXoH0\/W3MdEteZdEI\/AAAAAAAAF5U\/l5LZtPNfKyY7uB3tSw-Cl-gvfjbHyP0qACLcBGAs\/s640\/Vir%25C3%25A1gok%2B02.jpg?w=640&#038;ssl=1\" alt=\"\" data-recalc-dims=\"1\"\/><\/a><\/figure><\/div>\n\n\n\n<div class=\"wp-block-image\"><figure class=\"aligncenter\"><a href=\"https:\/\/i0.wp.com\/2.bp.blogspot.com\/-SpDxsPEiFMM\/W3MdEiONVBI\/AAAAAAAAF5Y\/jC6NNtrcAZwIyqbP2TqkoGDzKkbMZMaTQCLcBGAs\/s1600\/Vir%25C3%25A1gok%2B03.jpg?ssl=1\"><img src=\"https:\/\/i1.wp.com\/2.bp.blogspot.com\/-SpDxsPEiFMM\/W3MdEiONVBI\/AAAAAAAAF5Y\/jC6NNtrcAZwIyqbP2TqkoGDzKkbMZMaTQCLcBGAs\/s640\/Vir%25C3%25A1gok%2B03.jpg?w=640&#038;ssl=1\" alt=\"\" data-recalc-dims=\"1\"\/><\/a><\/figure><\/div>\n\n\n\n<div class=\"wp-block-image\"><figure class=\"aligncenter\"><a href=\"https:\/\/i0.wp.com\/3.bp.blogspot.com\/-th7MrvHIZDo\/W3MdFGJzGnI\/AAAAAAAAF5c\/cQldLfx8meE9QfQaC2tNGZZUj-z9U_DoQCLcBGAs\/s1600\/Vir%25C3%25A1gok%2B04.jpg?ssl=1\"><img src=\"https:\/\/i2.wp.com\/3.bp.blogspot.com\/-th7MrvHIZDo\/W3MdFGJzGnI\/AAAAAAAAF5c\/cQldLfx8meE9QfQaC2tNGZZUj-z9U_DoQCLcBGAs\/s640\/Vir%25C3%25A1gok%2B04.jpg?w=640&#038;ssl=1\" alt=\"\" data-recalc-dims=\"1\"\/><\/a><\/figure><\/div>\n<!-- AddThis Advanced Settings generic via filter on the_content --><!-- AddThis Share Buttons generic via filter on the_content -->","protected":false},"excerpt":{"rendered":"<p>A kiemelt vetem\u00e9ny \u00e1gy\u00e1sok j\u00f3l teljes\u00edtenek&#8230; Ontj\u00e1k a paradicsomot, a sok paprik\u00e1t. Van padlizs\u00e1n, m\u00e1ngold, [&hellip;]<!-- AddThis Advanced Settings generic via filter on get_the_excerpt --><!-- AddThis Share Buttons generic via filter on get_the_excerpt --><\/p>\n","protected":false},"author":2,"featured_media":948,"comment_status":"closed","ping_status":"closed","sticky":false,"template":"","format":"standard","meta":{"spay_email":"","jetpack_publicize_message":"","jetpack_is_tweetstorm":false},"categories":[42,43,7],"tags":[],"jetpack_featured_media_url":"https:\/\/i2.wp.com\/www.szabokertepito.hu\/tunderkertek\/wp-content\/uploads\/2019\/04\/Lulla-vetem\u00e9ny-01.jpg?fit=640%2C480&ssl=1","jetpack_publicize_connections":[],"jetpack_sharing_enabled":false,"jetpack_shortlink":"https:\/\/wp.me\/paQIIV-ft","jetpack-related-posts":[{"id":942,"url":"https:\/\/www.szabokertepito.hu\/tunderkertek\/teremnek-az-emelt-agyasok-mar-szuretelunk-is\/","url_meta":{"origin":959,"position":0},"title":"Teremnek az emelt \u00e1gy\u00e1sok, m\u00e1r sz\u00fcretel\u00fcnk is","date":"2018.06.05.","format":false,"excerpt":"N\u00e9h\u00e1ny h\u00e9t eltelt\u00e9vel a kiemelt vetem\u00e9ny \u00e1gy\u00e1sokban megjelentek az els\u0151 term\u00e9nyek. A retek, a m\u00e1ngold, a szam\u00f3ca \u00e9s m\u00e1r a m\u00e1lna is... M\u00e1ngold sz\u00fcret","rel":"","context":"In &quot;A kert&quot;","img":{"alt_text":"","src":"https:\/\/i2.wp.com\/www.szabokertepito.hu\/tunderkertek\/wp-content\/uploads\/2019\/04\/Lulla-vetem\u00e9ny-01.jpg?fit=640%2C480&ssl=1&resize=350%2C200","width":350,"height":200},"classes":[]},{"id":2435,"url":"https:\/\/www.szabokertepito.hu\/tunderkertek\/tajkertunk-tavasza\/","url_meta":{"origin":959,"position":1},"title":"T\u00e1jkert\u00fcnk tavasza","date":"2019.05.28.","format":false,"excerpt":"Vir\u00e1gba borult a ringl\u00f3fa... valaha tal\u00e1n el\u0151deink szilvaf\u00e1nak \u00fcltett\u00e9k, majd a szilvafa elpusztulhatott \u00e9s az alanyk\u00e9nt (a fa gy\u00f6kerek\u00e9nt) haszn\u00e1lt ringl\u00f3b\u00f3l (myrabol\u00e1n) sz\u00e9p er\u0151s fa cseperedett. McCloud \u00e9s a terelni val\u00f3k... Medvehagyma vad\u00e1szat. Kir\u00e1ly gy\u00edk vagy Z\u00f6ld gy\u00edk (Lacerta viridis) Eur\u00f3paszerte elterjedt, n\u00e1lunk v\u00e9dett h\u00fcll\u0151 fajta. \u00c9l\u0151hely\u00e9nek sz\u0171k\u00fcl\u00e9se fenyegeti a\u2026","rel":"","context":"In &quot;Finoms\u00e1gok&quot;","img":{"alt_text":"","src":"https:\/\/i1.wp.com\/www.szabokertepito.hu\/tunderkertek\/wp-content\/uploads\/2019\/05\/Napkel.jpg?fit=960%2C720&ssl=1&resize=350%2C200","width":350,"height":200},"classes":[]},{"id":1777,"url":"https:\/\/www.szabokertepito.hu\/tunderkertek\/mi-ujsag-a-kertekben\/","url_meta":{"origin":959,"position":2},"title":"Mi \u00fajs\u00e1g a kertekben?","date":"2016.05.02.","format":false,"excerpt":"Kezdj\u00fck \u201eotthon\u201d: Ma reggeli igazi tavaszias fogadtat\u00e1s az irod\u00e1nk el\u0151tt\u00a0Zam\u00e1rdiban, a Szab\u00f3 Kert\u00e9p\u00edt\u0151 telephely\u00e9n. K\u00f6zben f\u00f6ldmunk\u00e1kba kezdt\u00fcnk, \u00e9p\u00edt\u00fcnk egy TORO \u00f6nt\u00f6z\u0151rendszert is a\u00a0Balaton partj\u00e1n: Mala Garden Si\u00f3fok. Visszaker\u00fcltek a p\u00e1lm\u00e1k (Chamaerops excelsa) a cik\u00e1sz (Cycas revoluta) \u00e9s a m\u00e9g k\u00f3kadt szerelemvir\u00e1gok (Agapanthus africanus), v\u00e1rj\u00e1k a nyarat... Balatonsz\u00e1rsz\u00f3: \u00e9p\u00edt\u00e9sz h\u00e1zasp\u00e1r minimalista\u2026","rel":"","context":"In &quot;Kertt\u00f6rt\u00e9netek&quot;","img":{"alt_text":"","src":"https:\/\/i0.wp.com\/www.szabokertepito.hu\/tunderkertek\/wp-content\/uploads\/2019\/04\/Kert-01.jpg?fit=640%2C480&ssl=1&resize=350%2C200","width":350,"height":200},"classes":[]},{"id":1118,"url":"https:\/\/www.szabokertepito.hu\/tunderkertek\/cambridgeshie\/","url_meta":{"origin":959,"position":3},"title":"Cambridgeshie","date":"2018.08.16.","format":false,"excerpt":"Wimpole Castle & Estate & Garden A kast\u00e9ly el\u0151tt barokk kert, angol t\u00e1jk\u00e9pi kert legel\u0151s r\u00e9tekkel, h\u00e1zi\u00e1llatokkal, romantikus t\u00f3val. A h\u00e1tt\u00e9rben a k\u00f6z\u00e9pkori er\u0151d\u00edtett v\u00e1rkast\u00e9ly romjaival. 1967 \u00f3ta Vil\u00e1g\u00f6r\u00f6ks\u00e9gi helysz\u00edn. L\u00e1tv\u00e1nyos \u00e9vel\u0151 \u00e1gy\u00e1sokkal \u00e9s sz\u00e9pen karbantartott haszonkerttel. A gyerekeknek sz\u00e1mtalan l\u00e1tv\u00e1nyoss\u00e1ggal, programmal. Wimpole wallgarden... kert\u00e9sz mennyorsz\u00e1g... vir\u00e1gos \u00e9vel\u0151k harm\u00f3ni\u00e1ja mindenfel\u00e9,\u2026","rel":"","context":"In &quot;Anglia&quot;","img":{"alt_text":"","src":"https:\/\/i0.wp.com\/www.szabokertepito.hu\/tunderkertek\/wp-content\/uploads\/2018\/08\/Wimpole-02.jpg?fit=640%2C480&ssl=1&resize=350%2C200","width":350,"height":200},"classes":[]},{"id":1872,"url":"https:\/\/www.szabokertepito.hu\/tunderkertek\/kertek-novenyek-tortenetek-telelotol-tavaszig\/","url_meta":{"origin":959,"position":4},"title":"Kertek, n\u00f6v\u00e9nyek, t\u00f6rt\u00e9netek t\u00e9lel\u0151t\u0151l tavaszig","date":"2017.04.20.","format":false,"excerpt":"A t\u00f6rt\u00e9neteket m\u00e9g a mostani, az elm\u00falt \u00e9vekhez k\u00e9pest szokatlanul hideg t\u00e9l elej\u00e9vel kezdem. B\u00e1r nem kertek, de az\u00e9rt ezekkel a k\u00e9pekkel, mert ilyen ritk\u00e1n fordul el\u0151, \u00e9rdemes l\u00e1tni akkor is ha nem ezt a t\u00f6rt\u00e9netet kereste. T\u00e9li sziv\u00e1rv\u00e1ny a si\u00f3foki Aranyparton Egy 12 m\u00e9teres Kauk\u00e1zusi jegenyefeny\u0151 (Abies normanniana) t\u00f6rt\u00e9nete\u2026","rel":"","context":"In &quot;Kertt\u00f6rt\u00e9netek&quot;","img":{"alt_text":"","src":"https:\/\/i0.wp.com\/www.szabokertepito.hu\/tunderkertek\/wp-content\/uploads\/2019\/04\/Si\u00f3fok-aranypart-sziv\u00e1rv\u00e1ny-k\u00e9sz\u00fcl-01.jpg?fit=960%2C720&ssl=1&resize=350%2C200","width":350,"height":200},"classes":[]},{"id":925,"url":"https:\/\/www.szabokertepito.hu\/tunderkertek\/magasagyasok\/","url_meta":{"origin":959,"position":5},"title":"Magas\u00e1gy\u00e1sok","date":"2018.05.01.","format":false,"excerpt":"Most hogy v\u00e9gre tavasz lett k\u00e9sz\u00fcl a kert a k\u00e9nyelem jegy\u00e9ben. Lehet m\u00e1s se szeret nagyokat hajolni, nekik is javasoljuk a m\u00f3dszert. Kiemelt vetem\u00e9ny\u00e1gy\u00e1sok: Kif\u00farva a l\u00e1da alj\u00e1t, oszt\u00e1lyozott kavicsos dr\u00e9nr\u00e9teg, geotextilia. Majd rost\u00e1lt term\u0151f\u00f6ld, t\u0151zeg, granul\u00e1lt baromfi \u00e9s marhatr\u00e1gya kever\u00e9k ker\u00fclt bele. K\u00e9szen \u00e1llnak a pal\u00e1nt\u00e1k befogad\u00e1s\u00e1ra. A kiemelt\u2026","rel":"","context":"In &quot;A kert&quot;","img":{"alt_text":"","src":"https:\/\/i1.wp.com\/www.szabokertepito.hu\/tunderkertek\/wp-content\/uploads\/2019\/04\/\u00c1gy\u00e1s-04.jpg?fit=640%2C480&ssl=1&resize=350%2C200","width":350,"height":200},"classes":[]}],"_links":{"self":[{"href":"https:\/\/www.szabokertepito.hu\/tunderkertek\/wp-json\/wp\/v2\/posts\/959"}],"collection":[{"href":"https:\/\/www.szabokertepito.hu\/tunderkertek\/wp-json\/wp\/v2\/posts"}],"about":[{"href":"https:\/\/www.szabokertepito.hu\/tunderkertek\/wp-json\/wp\/v2\/types\/post"}],"author":[{"embeddable":true,"href":"https:\/\/www.szabokertepito.hu\/tunderkertek\/wp-json\/wp\/v2\/users\/2"}],"replies":[{"embeddable":true,"href":"https:\/\/www.szabokertepito.hu\/tunderkertek\/wp-json\/wp\/v2\/comments?post=959"}],"version-history":[{"count":2,"href":"https:\/\/www.szabokertepito.hu\/tunderkertek\/wp-json\/wp\/v2\/posts\/959\/revisions"}],"predecessor-version":[{"id":968,"href":"https:\/\/www.szabokertepito.hu\/tunderkertek\/wp-json\/wp\/v2\/posts\/959\/revisions\/968"}],"wp:featuredmedia":[{"embeddable":true,"href":"https:\/\/www.szabokertepito.hu\/tunderkertek\/wp-json\/wp\/v2\/media\/948"}],"wp:attachment":[{"href":"https:\/\/www.szabokertepito.hu\/tunderkertek\/wp-json\/wp\/v2\/media?parent=959"}],"wp:term":[{"taxonomy":"category","embeddable":true,"href":"https:\/\/www.szabokertepito.hu\/tunderkertek\/wp-json\/wp\/v2\/categories?post=959"},{"taxonomy":"post_tag","embeddable":true,"href":"https:\/\/www.szabokertepito.hu\/tunderkertek\/wp-json\/wp\/v2\/tags?post=959"}],"curies":[{"name":"wp","href":"https:\/\/api.w.org\/{rel}","templated":true}]}}