{"id":942,"date":"2018-06-05T16:03:30","date_gmt":"2018-06-05T14:03:30","guid":{"rendered":"https:\/\/www.szabokertepito.hu\/tunderkertek\/?p=942"},"modified":"2019-04-16T11:55:53","modified_gmt":"2019-04-16T09:55:53","slug":"teremnek-az-emelt-agyasok-mar-szuretelunk-is","status":"publish","type":"post","link":"https:\/\/www.szabokertepito.hu\/tunderkertek\/teremnek-az-emelt-agyasok-mar-szuretelunk-is\/","title":{"rendered":"Teremnek az emelt \u00e1gy\u00e1sok, m\u00e1r sz\u00fcretel\u00fcnk is"},"content":{"rendered":"\n<p>N\u00e9h\u00e1ny h\u00e9t eltelt\u00e9vel a kiemelt vetem\u00e9ny \u00e1gy\u00e1sokban megjelentek az els\u0151 term\u00e9nyek. A retek, a m\u00e1ngold, a szam\u00f3ca \u00e9s m\u00e1r a m\u00e1lna is&#8230;<\/p>\n\n\n\n<!--more-->\n\n\n\n<figure class=\"wp-block-image\"><a href=\"https:\/\/i1.wp.com\/4.bp.blogspot.com\/-uiAhkFLQ7RU\/WxaQuTQa7CI\/AAAAAAAAFUA\/pAO85N-Rbw0W552kN9b2lO9tewFoDGh3ACLcBGAs\/s1600\/Lulla-vetem%25C3%25A9ny-02.jpg?ssl=1\"><img src=\"https:\/\/i2.wp.com\/4.bp.blogspot.com\/-uiAhkFLQ7RU\/WxaQuTQa7CI\/AAAAAAAAFUA\/pAO85N-Rbw0W552kN9b2lO9tewFoDGh3ACLcBGAs\/s640\/Lulla-vetem%25C3%25A9ny-02.jpg?w=640&#038;ssl=1\" alt=\"\" data-recalc-dims=\"1\"\/><\/a><\/figure>\n\n\n\n<div class=\"wp-block-image\"><figure class=\"aligncenter\"><a href=\"https:\/\/i2.wp.com\/4.bp.blogspot.com\/-vc8VrNS6O7w\/WxaQuonq6bI\/AAAAAAAAFUI\/PydntZyKpqsp1NTjfi29jswB62GA4825gCLcBGAs\/s1600\/Lulla-vetem%25C3%25A9ny-04.jpg?ssl=1\"><img src=\"https:\/\/i2.wp.com\/4.bp.blogspot.com\/-vc8VrNS6O7w\/WxaQuonq6bI\/AAAAAAAAFUI\/PydntZyKpqsp1NTjfi29jswB62GA4825gCLcBGAs\/s640\/Lulla-vetem%25C3%25A9ny-04.jpg?w=640&#038;ssl=1\" alt=\"\" data-recalc-dims=\"1\"\/><\/a><\/figure><\/div>\n\n\n\n<div class=\"wp-block-image\"><figure class=\"aligncenter\"><a href=\"https:\/\/i0.wp.com\/2.bp.blogspot.com\/-9KnwMd_ddZ0\/WxaQvAx9KlI\/AAAAAAAAFUM\/8vz4azGIoXMSXm8LhMP6QTWq-h9KoRclgCLcBGAs\/s1600\/Lulla-vetem%25C3%25A9ny-05.jpg?ssl=1\"><img src=\"https:\/\/i1.wp.com\/2.bp.blogspot.com\/-9KnwMd_ddZ0\/WxaQvAx9KlI\/AAAAAAAAFUM\/8vz4azGIoXMSXm8LhMP6QTWq-h9KoRclgCLcBGAs\/s640\/Lulla-vetem%25C3%25A9ny-05.jpg?w=640&#038;ssl=1\" alt=\"\" data-recalc-dims=\"1\"\/><\/a><\/figure><\/div>\n\n\n\n<h5>M\u00e1ngold sz\u00fcret<\/h5>\n\n\n\n<div class=\"wp-block-image\"><figure class=\"aligncenter\"><a href=\"https:\/\/i2.wp.com\/1.bp.blogspot.com\/-ilD-2DSvMpE\/WxaXnlkXAwI\/AAAAAAAAFUg\/iMEzdzK50vYQcoibP44ridOS4LXH04GtACLcBGAs\/s1600\/Lulla-vetem%25C3%25A9ny-03.jpg?ssl=1\"><img src=\"https:\/\/i0.wp.com\/1.bp.blogspot.com\/-ilD-2DSvMpE\/WxaXnlkXAwI\/AAAAAAAAFUg\/iMEzdzK50vYQcoibP44ridOS4LXH04GtACLcBGAs\/s640\/Lulla-vetem%25C3%25A9ny-03.jpg?w=640&#038;ssl=1\" alt=\"\" data-recalc-dims=\"1\"\/><\/a><\/figure><\/div>\n\n\n\n<div class=\"wp-block-image\"><figure class=\"aligncenter\"><a href=\"https:\/\/i2.wp.com\/3.bp.blogspot.com\/-6Qxdrl6D2s0\/WxaXnvPMsDI\/AAAAAAAAFUo\/DLhp7cCJ_xYNgTJAO_NE_pdoxcsUdrpQgCLcBGAs\/s1600\/M%25C3%25A1ngold-sz%25C3%25BCret-01.jpg?ssl=1\"><img src=\"https:\/\/i1.wp.com\/3.bp.blogspot.com\/-6Qxdrl6D2s0\/WxaXnvPMsDI\/AAAAAAAAFUo\/DLhp7cCJ_xYNgTJAO_NE_pdoxcsUdrpQgCLcBGAs\/s640\/M%25C3%25A1ngold-sz%25C3%25BCret-01.jpg?w=640&#038;ssl=1\" alt=\"\" data-recalc-dims=\"1\"\/><\/a><\/figure><\/div>\n\n\n\n<div class=\"wp-block-image\"><figure class=\"aligncenter\"><a href=\"https:\/\/i2.wp.com\/1.bp.blogspot.com\/-D8PHh3YUBHk\/WxaXnvwwEYI\/AAAAAAAAFUk\/wp0M7jjfzQYBtvueV079Nklns2MP6-71wCLcBGAs\/s1600\/M%25C3%25A1ngold-sz%25C3%25BCret-02.jpg?ssl=1\"><img src=\"https:\/\/i2.wp.com\/1.bp.blogspot.com\/-D8PHh3YUBHk\/WxaXnvwwEYI\/AAAAAAAAFUk\/wp0M7jjfzQYBtvueV079Nklns2MP6-71wCLcBGAs\/s640\/M%25C3%25A1ngold-sz%25C3%25BCret-02.jpg?w=640&#038;ssl=1\" alt=\"\" data-recalc-dims=\"1\"\/><\/a><\/figure><\/div>\n\n\n\n<div class=\"wp-block-image\"><figure class=\"aligncenter\"><a href=\"https:\/\/i0.wp.com\/3.bp.blogspot.com\/-jTukilW3snM\/WxaXoMupx7I\/AAAAAAAAFUs\/_Z_tYJVa2d4c7A7HfSn-ya4RdwaZj8unACLcBGAs\/s1600\/M%25C3%25A1ngold-sz%25C3%25BCret-03.jpg?ssl=1\"><img src=\"https:\/\/i1.wp.com\/3.bp.blogspot.com\/-jTukilW3snM\/WxaXoMupx7I\/AAAAAAAAFUs\/_Z_tYJVa2d4c7A7HfSn-ya4RdwaZj8unACLcBGAs\/s640\/M%25C3%25A1ngold-sz%25C3%25BCret-03.jpg?w=640&#038;ssl=1\" alt=\"\" data-recalc-dims=\"1\"\/><\/a><\/figure><\/div>\n<!-- AddThis Advanced Settings generic via filter on the_content --><!-- AddThis Share Buttons generic via filter on the_content -->","protected":false},"excerpt":{"rendered":"<p>N\u00e9h\u00e1ny h\u00e9t eltelt\u00e9vel a kiemelt vetem\u00e9ny \u00e1gy\u00e1sokban megjelentek az els\u0151 term\u00e9nyek. A retek, a m\u00e1ngold, [&hellip;]<!-- AddThis Advanced Settings generic via filter on get_the_excerpt --><!-- AddThis Share Buttons generic via filter on get_the_excerpt --><\/p>\n","protected":false},"author":2,"featured_media":948,"comment_status":"closed","ping_status":"closed","sticky":false,"template":"","format":"standard","meta":{"spay_email":"","jetpack_publicize_message":"","jetpack_is_tweetstorm":false},"categories":[42,43,7],"tags":[],"jetpack_featured_media_url":"https:\/\/i2.wp.com\/www.szabokertepito.hu\/tunderkertek\/wp-content\/uploads\/2019\/04\/Lulla-vetem\u00e9ny-01.jpg?fit=640%2C480&ssl=1","jetpack_publicize_connections":[],"jetpack_sharing_enabled":false,"jetpack_shortlink":"https:\/\/wp.me\/paQIIV-fc","jetpack-related-posts":[{"id":959,"url":"https:\/\/www.szabokertepito.hu\/tunderkertek\/kiemelt-agyasok-lenduletben\/","url_meta":{"origin":942,"position":0},"title":"Kiemelt \u00e1gy\u00e1sok lend\u00fcletben","date":"2018.08.30.","format":false,"excerpt":"A kiemelt vetem\u00e9ny \u00e1gy\u00e1sok j\u00f3l teljes\u00edtenek... Ontj\u00e1k a paradicsomot, a sok paprik\u00e1t. Van padlizs\u00e1n, m\u00e1ngold, zellergum\u00f3, v\u00f6r\u00f6s \u00e9s lilahagyma, f\u0171szer \u00e9s limon\u00e1d\u00e9ba val\u00f3 n\u00f6v\u00e9nyek... \u00c9s volt m\u00e1r friss retek, zamatos szam\u00f3ca... 4 n\u00e9gyzem\u00e9teren... A vir\u00e1gok se akarnak elmaradni t\u0151l\u00fck.","rel":"","context":"In &quot;A kert&quot;","img":{"alt_text":"","src":"https:\/\/i2.wp.com\/www.szabokertepito.hu\/tunderkertek\/wp-content\/uploads\/2019\/04\/Lulla-vetem\u00e9ny-01.jpg?fit=640%2C480&ssl=1&resize=350%2C200","width":350,"height":200},"classes":[]},{"id":2517,"url":"https:\/\/www.szabokertepito.hu\/tunderkertek\/lullai-viragok\/","url_meta":{"origin":942,"position":1},"title":"Lullai vir\u00e1gok","date":"2019.06.23.","format":false,"excerpt":"Ahogy v\u00e1ltozik az id\u0151 sorra el\u0151j\u00f6nnek a vir\u00e1gok. A kertben is, kerten k\u00edv\u00fcl is. Egy vir\u00e1gsz\u0151nyeg k\u00f6zep\u00e9n \u00e9l a h\u00e1z gazd\u00e1ja. A leg\u00fajabb r\u00f3zsa sz\u00e9ps\u00e9g Rosa \u2018Sangria\u2019 a francia Meiland nemes\u00edt\u0151 s\u00e9t\u00e1nyr\u00f3zs\u00e1ja t\u00e1mkeretre futtatva. Mezei zs\u00e1lya (Salvia pratensis) vir\u00e1gpompa a legel\u0151n... Csillagf\u00fcrt (Lupinus polyphyllus) J\u00f3l \u00e9rzi mag\u00e1t a Lulla patak\u2026","rel":"","context":"In &quot;A kert&quot;","img":{"alt_text":"","src":"https:\/\/i0.wp.com\/www.szabokertepito.hu\/tunderkertek\/wp-content\/uploads\/2019\/05\/Mezei-zs\u00e1lya-Salvia-pratensis-03.jpg?fit=960%2C720&ssl=1&resize=350%2C200","width":350,"height":200},"classes":[]},{"id":1408,"url":"https:\/\/www.szabokertepito.hu\/tunderkertek\/budapest-belvaros-120-eves-udvar-megujul\/","url_meta":{"origin":942,"position":2},"title":"Budapest, Belv\u00e1ros, 120 \u00e9ves udvar meg\u00fajul","date":"2015.06.17.","format":false,"excerpt":"A tervez\u0151 - Gomb\u00e1sn\u00e9 Magyar Csilla - v\u00e9lem\u00e9nye: K\u00fcl\u00f6n\u00f6sen kedves kerttervez\u00e9si feladat volt ennek a sz\u00e9p belv\u00e1rosi b\u00e9rh\u00e1znak a bels\u0151 udvar\u00e1ra kertet \u00e1lmodni. Az eddig teljes eg\u00e9sz\u00e9ben kockak\u0151vel burkolt, s\u00f6t\u00e9t udvaron csak a kuk\u00e1k sorfala \u00e9s n\u00e9h\u00e1ny cserepes n\u00f6v\u00e9ny \u00e1rv\u00e1lkodott. Az alaprajzi kialak\u00edt\u00e1shoz a f\u00f6ldszinti kij\u00e1ratok, pinceablakok, \u00e9s egy sz\u00e9p\u2026","rel":"","context":"In &quot;Kert\u00e9p\u00edt\u00e9s&quot;","img":{"alt_text":"","src":"https:\/\/i1.wp.com\/www.szabokertepito.hu\/tunderkertek\/wp-content\/uploads\/2019\/04\/L\u00e1togat\u00e1s-02.jpg?fit=960%2C720&ssl=1&resize=350%2C200","width":350,"height":200},"classes":[]},{"id":1777,"url":"https:\/\/www.szabokertepito.hu\/tunderkertek\/mi-ujsag-a-kertekben\/","url_meta":{"origin":942,"position":3},"title":"Mi \u00fajs\u00e1g a kertekben?","date":"2016.05.02.","format":false,"excerpt":"Kezdj\u00fck \u201eotthon\u201d: Ma reggeli igazi tavaszias fogadtat\u00e1s az irod\u00e1nk el\u0151tt\u00a0Zam\u00e1rdiban, a Szab\u00f3 Kert\u00e9p\u00edt\u0151 telephely\u00e9n. K\u00f6zben f\u00f6ldmunk\u00e1kba kezdt\u00fcnk, \u00e9p\u00edt\u00fcnk egy TORO \u00f6nt\u00f6z\u0151rendszert is a\u00a0Balaton partj\u00e1n: Mala Garden Si\u00f3fok. Visszaker\u00fcltek a p\u00e1lm\u00e1k (Chamaerops excelsa) a cik\u00e1sz (Cycas revoluta) \u00e9s a m\u00e9g k\u00f3kadt szerelemvir\u00e1gok (Agapanthus africanus), v\u00e1rj\u00e1k a nyarat... Balatonsz\u00e1rsz\u00f3: \u00e9p\u00edt\u00e9sz h\u00e1zasp\u00e1r minimalista\u2026","rel":"","context":"In &quot;Kertt\u00f6rt\u00e9netek&quot;","img":{"alt_text":"","src":"https:\/\/i0.wp.com\/www.szabokertepito.hu\/tunderkertek\/wp-content\/uploads\/2019\/04\/Kert-01.jpg?fit=640%2C480&ssl=1&resize=350%2C200","width":350,"height":200},"classes":[]},{"id":1118,"url":"https:\/\/www.szabokertepito.hu\/tunderkertek\/cambridgeshie\/","url_meta":{"origin":942,"position":4},"title":"Cambridgeshie","date":"2018.08.16.","format":false,"excerpt":"Wimpole Castle & Estate & Garden A kast\u00e9ly el\u0151tt barokk kert, angol t\u00e1jk\u00e9pi kert legel\u0151s r\u00e9tekkel, h\u00e1zi\u00e1llatokkal, romantikus t\u00f3val. A h\u00e1tt\u00e9rben a k\u00f6z\u00e9pkori er\u0151d\u00edtett v\u00e1rkast\u00e9ly romjaival. 1967 \u00f3ta Vil\u00e1g\u00f6r\u00f6ks\u00e9gi helysz\u00edn. L\u00e1tv\u00e1nyos \u00e9vel\u0151 \u00e1gy\u00e1sokkal \u00e9s sz\u00e9pen karbantartott haszonkerttel. A gyerekeknek sz\u00e1mtalan l\u00e1tv\u00e1nyoss\u00e1ggal, programmal. Wimpole wallgarden... kert\u00e9sz mennyorsz\u00e1g... vir\u00e1gos \u00e9vel\u0151k harm\u00f3ni\u00e1ja mindenfel\u00e9,\u2026","rel":"","context":"In &quot;Anglia&quot;","img":{"alt_text":"","src":"https:\/\/i0.wp.com\/www.szabokertepito.hu\/tunderkertek\/wp-content\/uploads\/2018\/08\/Wimpole-02.jpg?fit=640%2C480&ssl=1&resize=350%2C200","width":350,"height":200},"classes":[]},{"id":2435,"url":"https:\/\/www.szabokertepito.hu\/tunderkertek\/tajkertunk-tavasza\/","url_meta":{"origin":942,"position":5},"title":"T\u00e1jkert\u00fcnk tavasza","date":"2019.05.28.","format":false,"excerpt":"Vir\u00e1gba borult a ringl\u00f3fa... valaha tal\u00e1n el\u0151deink szilvaf\u00e1nak \u00fcltett\u00e9k, majd a szilvafa elpusztulhatott \u00e9s az alanyk\u00e9nt (a fa gy\u00f6kerek\u00e9nt) haszn\u00e1lt ringl\u00f3b\u00f3l (myrabol\u00e1n) sz\u00e9p er\u0151s fa cseperedett. McCloud \u00e9s a terelni val\u00f3k... Medvehagyma vad\u00e1szat. Kir\u00e1ly gy\u00edk vagy Z\u00f6ld gy\u00edk (Lacerta viridis) Eur\u00f3paszerte elterjedt, n\u00e1lunk v\u00e9dett h\u00fcll\u0151 fajta. \u00c9l\u0151hely\u00e9nek sz\u0171k\u00fcl\u00e9se fenyegeti a\u2026","rel":"","context":"In &quot;Finoms\u00e1gok&quot;","img":{"alt_text":"","src":"https:\/\/i1.wp.com\/www.szabokertepito.hu\/tunderkertek\/wp-content\/uploads\/2019\/05\/Napkel.jpg?fit=960%2C720&ssl=1&resize=350%2C200","width":350,"height":200},"classes":[]}],"_links":{"self":[{"href":"https:\/\/www.szabokertepito.hu\/tunderkertek\/wp-json\/wp\/v2\/posts\/942"}],"collection":[{"href":"https:\/\/www.szabokertepito.hu\/tunderkertek\/wp-json\/wp\/v2\/posts"}],"about":[{"href":"https:\/\/www.szabokertepito.hu\/tunderkertek\/wp-json\/wp\/v2\/types\/post"}],"author":[{"embeddable":true,"href":"https:\/\/www.szabokertepito.hu\/tunderkertek\/wp-json\/wp\/v2\/users\/2"}],"replies":[{"embeddable":true,"href":"https:\/\/www.szabokertepito.hu\/tunderkertek\/wp-json\/wp\/v2\/comments?post=942"}],"version-history":[{"count":3,"href":"https:\/\/www.szabokertepito.hu\/tunderkertek\/wp-json\/wp\/v2\/posts\/942\/revisions"}],"predecessor-version":[{"id":973,"href":"https:\/\/www.szabokertepito.hu\/tunderkertek\/wp-json\/wp\/v2\/posts\/942\/revisions\/973"}],"wp:featuredmedia":[{"embeddable":true,"href":"https:\/\/www.szabokertepito.hu\/tunderkertek\/wp-json\/wp\/v2\/media\/948"}],"wp:attachment":[{"href":"https:\/\/www.szabokertepito.hu\/tunderkertek\/wp-json\/wp\/v2\/media?parent=942"}],"wp:term":[{"taxonomy":"category","embeddable":true,"href":"https:\/\/www.szabokertepito.hu\/tunderkertek\/wp-json\/wp\/v2\/categories?post=942"},{"taxonomy":"post_tag","embeddable":true,"href":"https:\/\/www.szabokertepito.hu\/tunderkertek\/wp-json\/wp\/v2\/tags?post=942"}],"curies":[{"name":"wp","href":"https:\/\/api.w.org\/{rel}","templated":true}]}}