{"id":925,"date":"2018-05-01T22:03:34","date_gmt":"2018-05-01T20:03:34","guid":{"rendered":"https:\/\/www.szabokertepito.hu\/tunderkertek\/?p=925"},"modified":"2019-04-16T11:56:55","modified_gmt":"2019-04-16T09:56:55","slug":"magasagyasok","status":"publish","type":"post","link":"https:\/\/www.szabokertepito.hu\/tunderkertek\/magasagyasok\/","title":{"rendered":"Magas\u00e1gy\u00e1sok"},"content":{"rendered":"\n<p>Most hogy v\u00e9gre tavasz lett k\u00e9sz\u00fcl a kert a k\u00e9nyelem jegy\u00e9ben. Lehet m\u00e1s se szeret nagyokat hajolni, nekik is javasoljuk a m\u00f3dszert.<\/p>\n\n\n\n<!--more-->\n\n\n\n<p>Kiemelt vetem\u00e9ny\u00e1gy\u00e1sok: Kif\u00farva a l\u00e1da alj\u00e1t, oszt\u00e1lyozott kavicsos dr\u00e9nr\u00e9teg, geotextilia. Majd rost\u00e1lt term\u0151f\u00f6ld, t\u0151zeg, granul\u00e1lt baromfi \u00e9s marhatr\u00e1gya kever\u00e9k ker\u00fclt bele. K\u00e9szen \u00e1llnak a pal\u00e1nt\u00e1k befogad\u00e1s\u00e1ra.<\/p>\n\n\n\n<figure class=\"wp-block-image\"><a href=\"https:\/\/i0.wp.com\/1.bp.blogspot.com\/-kZxz47XhWYc\/WuHnVPOTA2I\/AAAAAAAAFG8\/UVpN_Foq1LQH7XOZqscde1PIt1Mflbe8wCLcBGAs\/s1600\/%25C3%2581gy%25C3%25A1s-01.jpg?ssl=1\"><img src=\"https:\/\/i2.wp.com\/1.bp.blogspot.com\/-kZxz47XhWYc\/WuHnVPOTA2I\/AAAAAAAAFG8\/UVpN_Foq1LQH7XOZqscde1PIt1Mflbe8wCLcBGAs\/s640\/%25C3%2581gy%25C3%25A1s-01.jpg?w=640&#038;ssl=1\" alt=\"\" data-recalc-dims=\"1\"\/><\/a><\/figure>\n\n\n\n<div class=\"wp-block-image\"><figure class=\"aligncenter\"><a href=\"https:\/\/i1.wp.com\/3.bp.blogspot.com\/-4jLmSy-fjjY\/WuHnVQlr2yI\/AAAAAAAAFHA\/1ddl0Ueq-7kt7WSmfoxLmkJfWu3R_4dpwCLcBGAs\/s1600\/%25C3%2581gy%25C3%25A1s-02.jpg?ssl=1\"><img src=\"https:\/\/i1.wp.com\/3.bp.blogspot.com\/-4jLmSy-fjjY\/WuHnVQlr2yI\/AAAAAAAAFHA\/1ddl0Ueq-7kt7WSmfoxLmkJfWu3R_4dpwCLcBGAs\/s640\/%25C3%2581gy%25C3%25A1s-02.jpg?w=640&#038;ssl=1\" alt=\"\" data-recalc-dims=\"1\"\/><\/a><\/figure><\/div>\n\n\n\n<div class=\"wp-block-image\"><figure class=\"aligncenter\"><a href=\"https:\/\/i2.wp.com\/3.bp.blogspot.com\/-HCeBV-8cJN8\/WuHnVWqSfUI\/AAAAAAAAFHE\/0RCBMoXtS0Q9FvsJCfSCNZ60ue-2zo-GgCLcBGAs\/s1600\/%25C3%2581gy%25C3%25A1s-03.jpg?ssl=1\"><img src=\"https:\/\/i1.wp.com\/3.bp.blogspot.com\/-HCeBV-8cJN8\/WuHnVWqSfUI\/AAAAAAAAFHE\/0RCBMoXtS0Q9FvsJCfSCNZ60ue-2zo-GgCLcBGAs\/s640\/%25C3%2581gy%25C3%25A1s-03.jpg?w=640&#038;ssl=1\" alt=\"\" data-recalc-dims=\"1\"\/><\/a><\/figure><\/div>\n\n\n\n<figure class=\"wp-block-image\"><a href=\"https:\/\/i2.wp.com\/3.bp.blogspot.com\/-btkbpHmYG3o\/WuHnVyeu73I\/AAAAAAAAFHI\/xKED5DLayU0eoehmigX9nuQWK4CXWSDFQCLcBGAs\/s1600\/%25C3%2581gy%25C3%25A1s-04.jpg?ssl=1\"><img src=\"https:\/\/i2.wp.com\/3.bp.blogspot.com\/-btkbpHmYG3o\/WuHnVyeu73I\/AAAAAAAAFHI\/xKED5DLayU0eoehmigX9nuQWK4CXWSDFQCLcBGAs\/s640\/%25C3%2581gy%25C3%25A1s-04.jpg?w=640&#038;ssl=1\" alt=\"\" data-recalc-dims=\"1\"\/><\/a><\/figure>\n\n\n\n<p>A kiemelt vetem\u00e9ny\u00e1gy\u00e1sok ben\u00e9pes\u00fcltek&#8230;<\/p>\n\n\n\n<p>Lett f\u0171szern\u00f6v\u00e9nyes l\u00e1da, kokt\u00e9lparadicsom, m\u00e1ngold, dughagyma, szentesi paprika stb. Eddig csak az \u00fcgyfeleinknek k\u00e9sz\u00edtett\u00fcnk ilyet. Most j\u00f6n a pr\u00f3ba a saj\u00e1t port\u00e1n ?????&#8230;. van n\u00e9mi var\u00e1zsa a saj\u00e1t magunk \u00e1ltal megtermelt t\u00e1pl\u00e1l\u00e9knak.<\/p>\n\n\n\n<div class=\"wp-block-image\"><figure class=\"aligncenter\"><a href=\"https:\/\/i2.wp.com\/3.bp.blogspot.com\/-yDyw6MnNoPc\/WujEliHXGeI\/AAAAAAAAFPM\/UNYbtypJn1Uh1Q0w0A7C9pTi4gcMe8QsgCLcBGAs\/s1600\/Magas%25C3%25A1gy%25C3%25A1sok%2Bbe%25C3%25BCltetve%2B01.jpg?ssl=1\"><img src=\"https:\/\/i0.wp.com\/3.bp.blogspot.com\/-yDyw6MnNoPc\/WujEliHXGeI\/AAAAAAAAFPM\/UNYbtypJn1Uh1Q0w0A7C9pTi4gcMe8QsgCLcBGAs\/s640\/Magas%25C3%25A1gy%25C3%25A1sok%2Bbe%25C3%25BCltetve%2B01.jpg?w=640&#038;ssl=1\" alt=\"\" data-recalc-dims=\"1\"\/><\/a><\/figure><\/div>\n\n\n\n<p>M\u00e1ngold<\/p>\n\n\n\n<div class=\"wp-block-image\"><figure class=\"aligncenter\"><a href=\"https:\/\/i2.wp.com\/2.bp.blogspot.com\/-WNUwfF2l6Z4\/WujEqs4KmuI\/AAAAAAAAFPQ\/f_FXNTw9g70yY2hfdTwXg5JwCNPDtMslgCLcBGAs\/s1600\/Magas%25C3%25A1gy%25C3%25A1sok%2Bbe%25C3%25BCltetve%2B02.jpg?ssl=1\"><img src=\"https:\/\/i1.wp.com\/2.bp.blogspot.com\/-WNUwfF2l6Z4\/WujEqs4KmuI\/AAAAAAAAFPQ\/f_FXNTw9g70yY2hfdTwXg5JwCNPDtMslgCLcBGAs\/s640\/Magas%25C3%25A1gy%25C3%25A1sok%2Bbe%25C3%25BCltetve%2B02.jpg?w=640&#038;ssl=1\" alt=\"\" data-recalc-dims=\"1\"\/><\/a><\/figure><\/div>\n\n\n\n<p>Paradicsom k\u00f6z\u00e9 bazsalikomot \u00fcltett\u00fcnk a sz\u00edv\u00f3 k\u00e1rtev\u0151k ellen. \u00c9s mert finom.<\/p>\n\n\n\n<figure class=\"wp-block-image\"><a href=\"https:\/\/i1.wp.com\/4.bp.blogspot.com\/-ba5mSHnWiXg\/WujEvHlRqQI\/AAAAAAAAFPU\/9YzOKc8MvcExUM9CldR8dAK4buR6pvtAwCLcBGAs\/s1600\/Magas%25C3%25A1gy%25C3%25A1sok%2Bbe%25C3%25BCltetve%2B03.jpg?ssl=1\"><img src=\"https:\/\/i2.wp.com\/4.bp.blogspot.com\/-ba5mSHnWiXg\/WujEvHlRqQI\/AAAAAAAAFPU\/9YzOKc8MvcExUM9CldR8dAK4buR6pvtAwCLcBGAs\/s640\/Magas%25C3%25A1gy%25C3%25A1sok%2Bbe%25C3%25BCltetve%2B03.jpg?w=640&#038;ssl=1\" alt=\"\" data-recalc-dims=\"1\"\/><\/a><\/figure>\n\n\n\n<p>H\u00f3napos retek leboml\u00f3 vet\u0151szalagba kas\u00edrozva.<\/p>\n\n\n\n<div class=\"wp-block-image\"><figure class=\"aligncenter\"><a href=\"https:\/\/i2.wp.com\/4.bp.blogspot.com\/-w72huvqvpuk\/WujEz6-4CUI\/AAAAAAAAFPY\/CfytlgM5OdEYSltmQQYg-f1_7ScdZk00ACLcBGAs\/s1600\/H%25C3%25B3napos%2Bretek%252C%2Bleboml%25C3%25B3%2Bvet%25C5%2591szalag.jpg?ssl=1\"><img src=\"https:\/\/i1.wp.com\/4.bp.blogspot.com\/-w72huvqvpuk\/WujEz6-4CUI\/AAAAAAAAFPY\/CfytlgM5OdEYSltmQQYg-f1_7ScdZk00ACLcBGAs\/s640\/H%25C3%25B3napos%2Bretek%252C%2Bleboml%25C3%25B3%2Bvet%25C5%2591szalag.jpg?w=640&#038;ssl=1\" alt=\"\" data-recalc-dims=\"1\"\/><\/a><\/figure><\/div>\n\n\n\n<p>Bazsalikom vet\u0151korong (12 cm-es cser\u00e9pre m\u00e9retezve). F\u00f6lddel n\u00e9h\u00e1ny centire betakarva p\u00e1r h\u00e9t m\u00falva m\u00e1r leveleket hoz ez az \u00edzletes mediterr\u00e1n f\u0171szern\u00f6v\u00e9ny.<\/p>\n\n\n\n<div class=\"wp-block-image\"><figure class=\"aligncenter\"><a href=\"https:\/\/i2.wp.com\/2.bp.blogspot.com\/-3x3s388pSnM\/WujGg2Nqj2I\/AAAAAAAAFPs\/-pbVP79HJjEZsbpWKmuIr9XfAIYzwusbwCLcBGAs\/s1600\/Bazsalikomos.jpg?ssl=1\"><img src=\"https:\/\/i0.wp.com\/2.bp.blogspot.com\/-3x3s388pSnM\/WujGg2Nqj2I\/AAAAAAAAFPs\/-pbVP79HJjEZsbpWKmuIr9XfAIYzwusbwCLcBGAs\/s640\/Bazsalikomos.jpg?w=640&#038;ssl=1\" alt=\"\" data-recalc-dims=\"1\"\/><\/a><\/figure><\/div>\n\n\n\n<p>Az ilyen kont\u00e9ner\u00e1gy\u00e1sok k\u00fcl\u00f6n el\u0151nye hogy m\u00e1r akkor is fel\u00e1ll\u00edthat\u00f3k amikor a kert t\u00f6bbi r\u00e9sze m\u00e9g \u00e1t\u00e9p\u00edt\u00e9s \u00e9s f\u0171ny\u00edr\u00e1s alatt \u00e1ll.<br><\/p>\n<!-- AddThis Advanced Settings generic via filter on the_content --><!-- AddThis Share Buttons generic via filter on the_content -->","protected":false},"excerpt":{"rendered":"<p>Most hogy v\u00e9gre tavasz lett k\u00e9sz\u00fcl a kert a k\u00e9nyelem jegy\u00e9ben. Lehet m\u00e1s se szeret [&hellip;]<!-- AddThis Advanced Settings generic via filter on get_the_excerpt --><!-- AddThis Share Buttons generic via filter on get_the_excerpt --><\/p>\n","protected":false},"author":2,"featured_media":928,"comment_status":"closed","ping_status":"closed","sticky":false,"template":"","format":"standard","meta":{"spay_email":"","jetpack_publicize_message":"","jetpack_is_tweetstorm":false},"categories":[42,43,7],"tags":[],"jetpack_featured_media_url":"https:\/\/i1.wp.com\/www.szabokertepito.hu\/tunderkertek\/wp-content\/uploads\/2019\/04\/\u00c1gy\u00e1s-04.jpg?fit=640%2C480&ssl=1","jetpack_publicize_connections":[],"jetpack_sharing_enabled":false,"jetpack_shortlink":"https:\/\/wp.me\/paQIIV-eV","jetpack-related-posts":[{"id":2725,"url":"https:\/\/www.szabokertepito.hu\/tunderkertek\/keszul-az-uj-musor\/","url_meta":{"origin":925,"position":0},"title":"K\u00e9sz\u00fcl az \u00faj m\u0171sor!","date":"2019.09.21.","format":false,"excerpt":"Kert \u00e1talak\u00edt\u00f3, kertgondoz\u00f3 magazinunk forgat\u00e1sa folyik. A magazin a Balaton Telev\u00edzi\u00f3ban ker\u00fcl vet\u00edt\u00e9sre (amint megtudjuk az id\u0151pontot, jelezz\u00fck), majd a m\u0171sort k\u00f6zz\u00e9tessz\u00fck weboldalunkon.","rel":"","context":"In &quot;Kertgondoz\u00e1si tan\u00e1csok&quot;","img":{"alt_text":"","src":"https:\/\/i0.wp.com\/www.szabokertepito.hu\/tunderkertek\/wp-content\/uploads\/2019\/09\/Kert-\u00e1t-Szab\u00f3.jpg?fit=960%2C720&ssl=1&resize=350%2C200","width":350,"height":200},"classes":[]},{"id":939,"url":"https:\/\/www.szabokertepito.hu\/tunderkertek\/kertepites-ejszakai-muszakban\/","url_meta":{"origin":925,"position":1},"title":"Kert\u00e9p\u00edt\u00e9s - \u00e9jszakai m\u0171szakban","date":"2018.05.19.","format":false,"excerpt":"M\u00e1r nem lehetett tov\u00e1bb halogatni a kertet, de napk\u00f6zben nem \u00e9rt\u00fcnk r\u00e1, \u00edgy \u00e9jszakai m\u0171szakban k\u00e9sz\u00fcl. A kertr\u00e9szlet elk\u00e9sz\u00fclt az \u00e9jjeli m\u0171szaknak k\u00f6sz\u00f6nhet\u0151en. A f\u00e9l\u00e1rny\u00e9kos adotts\u00e1g\u00fa kertr\u00e9szletbe hortenzia, \u00e1rnyliliom, bab\u00e9rsom, vir\u00e1z\u00f3 p\u00fcnk\u00f6sdir\u00f3zsa, koleus \u00e9s n\u00e9h\u00e1ny t\u0151 gy\u00f6ngyvir\u00e1g ker\u00fclt. \u00c9vel\u0151\u00e1gy\u00e1s k\u00e9sz\u00fcl","rel":"","context":"In &quot;A kert&quot;","img":{"alt_text":"","src":"https:\/\/i2.wp.com\/www.szabokertepito.hu\/tunderkertek\/wp-content\/uploads\/2019\/04\/\u00c9vel\u0151\u00e1gy\u00e1s-sz\u00fclet\u00e9se-02.jpg?fit=640%2C480&ssl=1&resize=350%2C200","width":350,"height":200},"classes":[]},{"id":1518,"url":"https:\/\/www.szabokertepito.hu\/tunderkertek\/balatonfoldvar-jade-panzio\/","url_meta":{"origin":925,"position":2},"title":"Balatonf\u00f6ldv\u00e1r, J\u00e1de panzi\u00f3","date":"2015.07.28.","format":false,"excerpt":"Err\u0151l a kertr\u0151l sz\u00e1nd\u00e9kosan nem \u00edrtam \u00e9p\u00edt\u00e9s k\u00f6zben. Gondoltam olvas\u00f3inkat is \u00e9rdekli, hogyan alakul ki egy kert, hogyan nyeri el\u00a0\u201ev\u00e9gleges\u201d megjelen\u00e9s\u00e9t m\u00e9g akkor is, ha \u00e9vek m\u00falva \u00e9rik csak \u00f6ssze. A panzi\u00f3 tulajdonosai n\u00e9h\u00e1ny igen izgalmas feladat megold\u00e1s\u00e1t is r\u00e1nk b\u00edzt\u00e1k. Ezek egyike a szabadt\u00e9ri konyha \u00e9s \u00e9tkez\u0151hely, kerti t\u00f3val\u2026","rel":"","context":"In &quot;Kert\u00e9p\u00edt\u00e9s&quot;","img":{"alt_text":"","src":"https:\/\/i1.wp.com\/www.szabokertepito.hu\/tunderkertek\/wp-content\/uploads\/2019\/04\/J\u00e1de-Panzi\u00f3-kert-\u00e9s-kerti-t\u00f3-01.jpg?fit=640%2C480&ssl=1&resize=350%2C200","width":350,"height":200},"classes":[]},{"id":1436,"url":"https:\/\/www.szabokertepito.hu\/tunderkertek\/minimalista-kert-balatonszarszo\/","url_meta":{"origin":925,"position":3},"title":"Minimalista kert, Balatonsz\u00e1rsz\u00f3","date":"2015.06.19.","format":false,"excerpt":"A vide\u00f3ban l\u00e1that\u00f3, hogyan k\u00e9sz\u00fclt a kert. A k\u00e9sz kertr\u0151l n\u00e9h\u00e1ny k\u00e9p kedvcsin\u00e1l\u00f3nak el\u0151tte. https:\/\/www.youtube.com\/watch?v=f6S-grKenIs","rel":"","context":"In &quot;Kert\u00e9p\u00edt\u00e9s&quot;","img":{"alt_text":"","src":"https:\/\/i0.wp.com\/www.szabokertepito.hu\/tunderkertek\/wp-content\/uploads\/2019\/04\/Minimal-01..jpg?fit=960%2C720&ssl=1&resize=350%2C200","width":350,"height":200},"classes":[]},{"id":1243,"url":"https:\/\/www.szabokertepito.hu\/tunderkertek\/kihivas\/","url_meta":{"origin":925,"position":4},"title":"Kih\u00edv\u00e1s","date":"2015.05.10.","format":false,"excerpt":"Eljutottunk v\u00e9gre od\u00e1ig, hogy egy kert elk\u00e9sz\u00fcl\u00e9s\u00e9t az els\u0151 felm\u00e9r\u00e9st\u0151l k\u00f6vethess\u00e9k olvas\u00f3ink. Az els\u0151 ilyen kert Balatonakaratty\u00e1n k\u00e9sz\u00fcl. Az indul\u00e1skor gy\u00f6ny\u00f6r\u0171 terepadotts\u00e1gok teszik izgalmasabb\u00e1 a feladatot.","rel":"","context":"In &quot;Balatonakarattya&quot;","img":{"alt_text":"","src":"https:\/\/i2.wp.com\/www.szabokertepito.hu\/tunderkertek\/wp-content\/uploads\/2019\/04\/Terep-03.jpg?fit=640%2C480&ssl=1&resize=350%2C200","width":350,"height":200},"classes":[]},{"id":1255,"url":"https:\/\/www.szabokertepito.hu\/tunderkertek\/szinesitjuk-a-balatonakarattyai-kertet\/","url_meta":{"origin":925,"position":5},"title":"Sz\u00ednes\u00edtj\u00fck a balatonakarattyai kertet","date":"2015.05.16.","format":false,"excerpt":"Elj\u00f6tt az ideje az \u00e9rdekes terep\u0171 balatonakarattyai kert \u00e1talak\u00edt\u00e1s\u00e1nak. Sz\u00ednes\u00edtj\u00fck, v\u00e1ltozatoss\u00e1 tessz\u00fck \u00faj n\u00f6v\u00e9nyekkel. A szaknyelv ezt \u00fagy h\u00edvja: biodiverzit\u00e1s n\u00f6vel\u00e9se. Ha k\u00e9sz, az eg\u00e9sz folyamatot megn\u00e9zheti egy bemutat\u00f3 keret\u00e9ben.","rel":"","context":"In &quot;Balatonakarattya&quot;","img":{"alt_text":"","src":"https:\/\/i0.wp.com\/www.szabokertepito.hu\/tunderkertek\/wp-content\/uploads\/2019\/04\/Biodiverzit\u00e1s-05.jpg?fit=640%2C480&ssl=1&resize=350%2C200","width":350,"height":200},"classes":[]}],"_links":{"self":[{"href":"https:\/\/www.szabokertepito.hu\/tunderkertek\/wp-json\/wp\/v2\/posts\/925"}],"collection":[{"href":"https:\/\/www.szabokertepito.hu\/tunderkertek\/wp-json\/wp\/v2\/posts"}],"about":[{"href":"https:\/\/www.szabokertepito.hu\/tunderkertek\/wp-json\/wp\/v2\/types\/post"}],"author":[{"embeddable":true,"href":"https:\/\/www.szabokertepito.hu\/tunderkertek\/wp-json\/wp\/v2\/users\/2"}],"replies":[{"embeddable":true,"href":"https:\/\/www.szabokertepito.hu\/tunderkertek\/wp-json\/wp\/v2\/comments?post=925"}],"version-history":[{"count":3,"href":"https:\/\/www.szabokertepito.hu\/tunderkertek\/wp-json\/wp\/v2\/posts\/925\/revisions"}],"predecessor-version":[{"id":936,"href":"https:\/\/www.szabokertepito.hu\/tunderkertek\/wp-json\/wp\/v2\/posts\/925\/revisions\/936"}],"wp:featuredmedia":[{"embeddable":true,"href":"https:\/\/www.szabokertepito.hu\/tunderkertek\/wp-json\/wp\/v2\/media\/928"}],"wp:attachment":[{"href":"https:\/\/www.szabokertepito.hu\/tunderkertek\/wp-json\/wp\/v2\/media?parent=925"}],"wp:term":[{"taxonomy":"category","embeddable":true,"href":"https:\/\/www.szabokertepito.hu\/tunderkertek\/wp-json\/wp\/v2\/categories?post=925"},{"taxonomy":"post_tag","embeddable":true,"href":"https:\/\/www.szabokertepito.hu\/tunderkertek\/wp-json\/wp\/v2\/tags?post=925"}],"curies":[{"name":"wp","href":"https:\/\/api.w.org\/{rel}","templated":true}]}}