{"id":2290,"date":"2019-08-08T21:48:53","date_gmt":"2019-08-08T19:48:53","guid":{"rendered":"https:\/\/www.szabokertepito.hu\/tunderkertek\/?p=2290"},"modified":"2019-08-08T21:48:59","modified_gmt":"2019-08-08T19:48:59","slug":"the-cathedral-cove","status":"publish","type":"post","link":"https:\/\/www.szabokertepito.hu\/tunderkertek\/the-cathedral-cove\/","title":{"rendered":"The Cathedral Cove"},"content":{"rendered":"\n<p>K\u00fcl\u00f6nleges szikla k\u00e9pz\u0151dm\u00e9ny a Csendes-\u00d3ce\u00e1n partj\u00e1n. A partra vezet\u0151 \u00f6sv\u00e9ny mellett vadon vir\u00e1gz\u00f3 Verben\u00e1k \u00e9s Lilliomok.<\/p>\n\n\n\n<!--more-->\n\n\n\n<figure class=\"wp-block-image\"><img data-attachment-id=\"2296\" data-permalink=\"https:\/\/www.szabokertepito.hu\/tunderkertek\/the-cathedral-cove\/cathedral-cove-01\/\" data-orig-file=\"https:\/\/i0.wp.com\/www.szabokertepito.hu\/tunderkertek\/wp-content\/uploads\/2019\/05\/Cathedral-Cove-01.jpg?fit=720%2C960&amp;ssl=1\" data-orig-size=\"720,960\" data-comments-opened=\"0\" data-image-meta=\"{&quot;aperture&quot;:&quot;0&quot;,&quot;credit&quot;:&quot;&quot;,&quot;camera&quot;:&quot;&quot;,&quot;caption&quot;:&quot;&quot;,&quot;created_timestamp&quot;:&quot;0&quot;,&quot;copyright&quot;:&quot;&quot;,&quot;focal_length&quot;:&quot;0&quot;,&quot;iso&quot;:&quot;0&quot;,&quot;shutter_speed&quot;:&quot;0&quot;,&quot;title&quot;:&quot;&quot;,&quot;orientation&quot;:&quot;0&quot;}\" data-image-title=\"Cathedral Cove 01\" data-image-description=\"\" data-medium-file=\"https:\/\/i0.wp.com\/www.szabokertepito.hu\/tunderkertek\/wp-content\/uploads\/2019\/05\/Cathedral-Cove-01.jpg?resize=300%2C202&amp;ssl=1\" data-large-file=\"https:\/\/i0.wp.com\/www.szabokertepito.hu\/tunderkertek\/wp-content\/uploads\/2019\/05\/Cathedral-Cove-01.jpg?resize=640%2C853&amp;ssl=1\" loading=\"lazy\" width=\"640\" height=\"853\" src=\"https:\/\/i0.wp.com\/www.szabokertepito.hu\/tunderkertek\/wp-content\/uploads\/2019\/05\/Cathedral-Cove-01.jpg?resize=640%2C853&#038;ssl=1\" alt=\"\" class=\"wp-image-2296\" srcset=\"https:\/\/i0.wp.com\/www.szabokertepito.hu\/tunderkertek\/wp-content\/uploads\/2019\/05\/Cathedral-Cove-01.jpg?w=720&amp;ssl=1 720w, https:\/\/i0.wp.com\/www.szabokertepito.hu\/tunderkertek\/wp-content\/uploads\/2019\/05\/Cathedral-Cove-01.jpg?resize=125%2C167&amp;ssl=1 125w, https:\/\/i0.wp.com\/www.szabokertepito.hu\/tunderkertek\/wp-content\/uploads\/2019\/05\/Cathedral-Cove-01.jpg?resize=640%2C853&amp;ssl=1 640w\" sizes=\"(max-width: 640px) 100vw, 640px\" data-recalc-dims=\"1\" \/><figcaption>Fant\u00e1ziad\u00fas dekor\u00e1ci\u00f3s fest\u00e9s<\/figcaption><\/figure>\n\n\n\n<figure class=\"wp-block-image\"><img data-attachment-id=\"2295\" data-permalink=\"https:\/\/www.szabokertepito.hu\/tunderkertek\/the-cathedral-cove\/cathedral-cove-02\/\" data-orig-file=\"https:\/\/i2.wp.com\/www.szabokertepito.hu\/tunderkertek\/wp-content\/uploads\/2019\/05\/Cathedral-Cove-02.jpg?fit=720%2C960&amp;ssl=1\" data-orig-size=\"720,960\" data-comments-opened=\"0\" data-image-meta=\"{&quot;aperture&quot;:&quot;0&quot;,&quot;credit&quot;:&quot;&quot;,&quot;camera&quot;:&quot;&quot;,&quot;caption&quot;:&quot;&quot;,&quot;created_timestamp&quot;:&quot;0&quot;,&quot;copyright&quot;:&quot;&quot;,&quot;focal_length&quot;:&quot;0&quot;,&quot;iso&quot;:&quot;0&quot;,&quot;shutter_speed&quot;:&quot;0&quot;,&quot;title&quot;:&quot;&quot;,&quot;orientation&quot;:&quot;0&quot;}\" data-image-title=\"Cathedral Cove 02\" data-image-description=\"\" data-medium-file=\"https:\/\/i2.wp.com\/www.szabokertepito.hu\/tunderkertek\/wp-content\/uploads\/2019\/05\/Cathedral-Cove-02.jpg?resize=300%2C202&amp;ssl=1\" data-large-file=\"https:\/\/i2.wp.com\/www.szabokertepito.hu\/tunderkertek\/wp-content\/uploads\/2019\/05\/Cathedral-Cove-02.jpg?resize=640%2C853&amp;ssl=1\" loading=\"lazy\" width=\"640\" height=\"853\" src=\"https:\/\/i2.wp.com\/www.szabokertepito.hu\/tunderkertek\/wp-content\/uploads\/2019\/05\/Cathedral-Cove-02.jpg?resize=640%2C853&#038;ssl=1\" alt=\"\" class=\"wp-image-2295\" srcset=\"https:\/\/i2.wp.com\/www.szabokertepito.hu\/tunderkertek\/wp-content\/uploads\/2019\/05\/Cathedral-Cove-02.jpg?w=720&amp;ssl=1 720w, https:\/\/i2.wp.com\/www.szabokertepito.hu\/tunderkertek\/wp-content\/uploads\/2019\/05\/Cathedral-Cove-02.jpg?resize=125%2C167&amp;ssl=1 125w, https:\/\/i2.wp.com\/www.szabokertepito.hu\/tunderkertek\/wp-content\/uploads\/2019\/05\/Cathedral-Cove-02.jpg?resize=640%2C853&amp;ssl=1 640w\" sizes=\"(max-width: 640px) 100vw, 640px\" data-recalc-dims=\"1\" \/><figcaption>Verb\u00e9na (Verbena officinalis) n\u00e1lunk egyny\u00e1ri n\u00f6v\u00e9nyk\u00e9nt ismert, itt vadon d\u00edszlik.<\/figcaption><\/figure>\n\n\n\n<figure class=\"wp-block-image\"><img data-attachment-id=\"2294\" data-permalink=\"https:\/\/www.szabokertepito.hu\/tunderkertek\/the-cathedral-cove\/cathedral-cove-03\/\" data-orig-file=\"https:\/\/i2.wp.com\/www.szabokertepito.hu\/tunderkertek\/wp-content\/uploads\/2019\/05\/Cathedral-Cove-03.jpg?fit=960%2C720&amp;ssl=1\" data-orig-size=\"960,720\" data-comments-opened=\"0\" data-image-meta=\"{&quot;aperture&quot;:&quot;0&quot;,&quot;credit&quot;:&quot;&quot;,&quot;camera&quot;:&quot;&quot;,&quot;caption&quot;:&quot;&quot;,&quot;created_timestamp&quot;:&quot;0&quot;,&quot;copyright&quot;:&quot;&quot;,&quot;focal_length&quot;:&quot;0&quot;,&quot;iso&quot;:&quot;0&quot;,&quot;shutter_speed&quot;:&quot;0&quot;,&quot;title&quot;:&quot;&quot;,&quot;orientation&quot;:&quot;0&quot;}\" data-image-title=\"Cathedral Cove 03\" data-image-description=\"\" data-medium-file=\"https:\/\/i2.wp.com\/www.szabokertepito.hu\/tunderkertek\/wp-content\/uploads\/2019\/05\/Cathedral-Cove-03.jpg?resize=300%2C202&amp;ssl=1\" data-large-file=\"https:\/\/i2.wp.com\/www.szabokertepito.hu\/tunderkertek\/wp-content\/uploads\/2019\/05\/Cathedral-Cove-03.jpg?resize=640%2C480&amp;ssl=1\" loading=\"lazy\" width=\"640\" height=\"480\" src=\"https:\/\/i2.wp.com\/www.szabokertepito.hu\/tunderkertek\/wp-content\/uploads\/2019\/05\/Cathedral-Cove-03.jpg?resize=640%2C480&#038;ssl=1\" alt=\"\" class=\"wp-image-2294\" srcset=\"https:\/\/i2.wp.com\/www.szabokertepito.hu\/tunderkertek\/wp-content\/uploads\/2019\/05\/Cathedral-Cove-03.jpg?w=960&amp;ssl=1 960w, https:\/\/i2.wp.com\/www.szabokertepito.hu\/tunderkertek\/wp-content\/uploads\/2019\/05\/Cathedral-Cove-03.jpg?resize=768%2C576&amp;ssl=1 768w, https:\/\/i2.wp.com\/www.szabokertepito.hu\/tunderkertek\/wp-content\/uploads\/2019\/05\/Cathedral-Cove-03.jpg?resize=125%2C94&amp;ssl=1 125w, https:\/\/i2.wp.com\/www.szabokertepito.hu\/tunderkertek\/wp-content\/uploads\/2019\/05\/Cathedral-Cove-03.jpg?resize=640%2C480&amp;ssl=1 640w\" sizes=\"(max-width: 640px) 100vw, 640px\" data-recalc-dims=\"1\" \/><figcaption>Feh\u00e9r lilliom (Lillium candidum) d\u00edszlik az \u00d3ce\u00e1n-parti domboldalban, kellemes illat\u00e1val megaj\u00e1nd\u00e9kozva az arra j\u00e1r\u00f3t.<\/figcaption><\/figure>\n\n\n\n<figure class=\"wp-block-image\"><img data-attachment-id=\"2293\" data-permalink=\"https:\/\/www.szabokertepito.hu\/tunderkertek\/the-cathedral-cove\/cathedral-cove-04\/\" data-orig-file=\"https:\/\/i1.wp.com\/www.szabokertepito.hu\/tunderkertek\/wp-content\/uploads\/2019\/05\/Cathedral-Cove-04.jpg?fit=720%2C960&amp;ssl=1\" data-orig-size=\"720,960\" data-comments-opened=\"0\" data-image-meta=\"{&quot;aperture&quot;:&quot;0&quot;,&quot;credit&quot;:&quot;&quot;,&quot;camera&quot;:&quot;&quot;,&quot;caption&quot;:&quot;&quot;,&quot;created_timestamp&quot;:&quot;0&quot;,&quot;copyright&quot;:&quot;&quot;,&quot;focal_length&quot;:&quot;0&quot;,&quot;iso&quot;:&quot;0&quot;,&quot;shutter_speed&quot;:&quot;0&quot;,&quot;title&quot;:&quot;&quot;,&quot;orientation&quot;:&quot;0&quot;}\" data-image-title=\"Cathedral Cove 04\" data-image-description=\"\" data-medium-file=\"https:\/\/i1.wp.com\/www.szabokertepito.hu\/tunderkertek\/wp-content\/uploads\/2019\/05\/Cathedral-Cove-04.jpg?resize=300%2C202&amp;ssl=1\" data-large-file=\"https:\/\/i1.wp.com\/www.szabokertepito.hu\/tunderkertek\/wp-content\/uploads\/2019\/05\/Cathedral-Cove-04.jpg?resize=640%2C853&amp;ssl=1\" loading=\"lazy\" width=\"640\" height=\"853\" src=\"https:\/\/i1.wp.com\/www.szabokertepito.hu\/tunderkertek\/wp-content\/uploads\/2019\/05\/Cathedral-Cove-04.jpg?resize=640%2C853&#038;ssl=1\" alt=\"\" class=\"wp-image-2293\" srcset=\"https:\/\/i1.wp.com\/www.szabokertepito.hu\/tunderkertek\/wp-content\/uploads\/2019\/05\/Cathedral-Cove-04.jpg?w=720&amp;ssl=1 720w, https:\/\/i1.wp.com\/www.szabokertepito.hu\/tunderkertek\/wp-content\/uploads\/2019\/05\/Cathedral-Cove-04.jpg?resize=125%2C167&amp;ssl=1 125w, https:\/\/i1.wp.com\/www.szabokertepito.hu\/tunderkertek\/wp-content\/uploads\/2019\/05\/Cathedral-Cove-04.jpg?resize=640%2C853&amp;ssl=1 640w\" sizes=\"(max-width: 640px) 100vw, 640px\" data-recalc-dims=\"1\" \/><figcaption>A n\u00e1lunk kertekben \u00fcltetett hagym\u00e1s lilliom itt vadon d\u00edszlik.<\/figcaption><\/figure>\n\n\n\n<figure class=\"wp-block-image\"><img data-attachment-id=\"2292\" data-permalink=\"https:\/\/www.szabokertepito.hu\/tunderkertek\/the-cathedral-cove\/cathedral-cove-05\/\" data-orig-file=\"https:\/\/i0.wp.com\/www.szabokertepito.hu\/tunderkertek\/wp-content\/uploads\/2019\/05\/Cathedral-Cove-05.jpg?fit=720%2C960&amp;ssl=1\" data-orig-size=\"720,960\" data-comments-opened=\"0\" data-image-meta=\"{&quot;aperture&quot;:&quot;0&quot;,&quot;credit&quot;:&quot;&quot;,&quot;camera&quot;:&quot;&quot;,&quot;caption&quot;:&quot;&quot;,&quot;created_timestamp&quot;:&quot;0&quot;,&quot;copyright&quot;:&quot;&quot;,&quot;focal_length&quot;:&quot;0&quot;,&quot;iso&quot;:&quot;0&quot;,&quot;shutter_speed&quot;:&quot;0&quot;,&quot;title&quot;:&quot;&quot;,&quot;orientation&quot;:&quot;0&quot;}\" data-image-title=\"Cathedral Cove 05\" data-image-description=\"\" data-medium-file=\"https:\/\/i0.wp.com\/www.szabokertepito.hu\/tunderkertek\/wp-content\/uploads\/2019\/05\/Cathedral-Cove-05.jpg?resize=300%2C202&amp;ssl=1\" data-large-file=\"https:\/\/i0.wp.com\/www.szabokertepito.hu\/tunderkertek\/wp-content\/uploads\/2019\/05\/Cathedral-Cove-05.jpg?resize=640%2C853&amp;ssl=1\" loading=\"lazy\" width=\"640\" height=\"853\" src=\"https:\/\/i0.wp.com\/www.szabokertepito.hu\/tunderkertek\/wp-content\/uploads\/2019\/05\/Cathedral-Cove-05.jpg?resize=640%2C853&#038;ssl=1\" alt=\"\" class=\"wp-image-2292\" srcset=\"https:\/\/i0.wp.com\/www.szabokertepito.hu\/tunderkertek\/wp-content\/uploads\/2019\/05\/Cathedral-Cove-05.jpg?w=720&amp;ssl=1 720w, https:\/\/i0.wp.com\/www.szabokertepito.hu\/tunderkertek\/wp-content\/uploads\/2019\/05\/Cathedral-Cove-05.jpg?resize=125%2C167&amp;ssl=1 125w, https:\/\/i0.wp.com\/www.szabokertepito.hu\/tunderkertek\/wp-content\/uploads\/2019\/05\/Cathedral-Cove-05.jpg?resize=640%2C853&amp;ssl=1 640w\" sizes=\"(max-width: 640px) 100vw, 640px\" data-recalc-dims=\"1\" \/><figcaption>Egyik kedvencem az erny\u0151s verb\u00e9na (Verbena bonariensis). Vadon n\u0151ve nagy ter\u00fcleteken lil\u00e1ra festi a domboldalt. N\u00e1lunk kertekben magj\u00e1t elsz\u00f3rva \u00e9li t\u00fal a zordabb id\u0151j\u00e1r\u00e1st. Kecses form\u00e1ja, hosszantart\u00f3 vir\u00e1gz\u00e1sa alacsony d\u00edszf\u00fcvek k\u00f6z\u00f6tt mutat\u00f3s.<\/figcaption><\/figure>\n\n\n\n<figure class=\"wp-block-image\"><img data-attachment-id=\"2291\" data-permalink=\"https:\/\/www.szabokertepito.hu\/tunderkertek\/the-cathedral-cove\/cathedral-cove-06\/\" data-orig-file=\"https:\/\/i2.wp.com\/www.szabokertepito.hu\/tunderkertek\/wp-content\/uploads\/2019\/05\/Cathedral-Cove-06.jpg?fit=720%2C960&amp;ssl=1\" data-orig-size=\"720,960\" data-comments-opened=\"0\" data-image-meta=\"{&quot;aperture&quot;:&quot;0&quot;,&quot;credit&quot;:&quot;&quot;,&quot;camera&quot;:&quot;&quot;,&quot;caption&quot;:&quot;&quot;,&quot;created_timestamp&quot;:&quot;0&quot;,&quot;copyright&quot;:&quot;&quot;,&quot;focal_length&quot;:&quot;0&quot;,&quot;iso&quot;:&quot;0&quot;,&quot;shutter_speed&quot;:&quot;0&quot;,&quot;title&quot;:&quot;&quot;,&quot;orientation&quot;:&quot;0&quot;}\" data-image-title=\"Cathedral Cove 06\" data-image-description=\"\" data-medium-file=\"https:\/\/i2.wp.com\/www.szabokertepito.hu\/tunderkertek\/wp-content\/uploads\/2019\/05\/Cathedral-Cove-06.jpg?resize=300%2C202&amp;ssl=1\" data-large-file=\"https:\/\/i2.wp.com\/www.szabokertepito.hu\/tunderkertek\/wp-content\/uploads\/2019\/05\/Cathedral-Cove-06.jpg?resize=640%2C853&amp;ssl=1\" loading=\"lazy\" width=\"640\" height=\"853\" src=\"https:\/\/i2.wp.com\/www.szabokertepito.hu\/tunderkertek\/wp-content\/uploads\/2019\/05\/Cathedral-Cove-06.jpg?resize=640%2C853&#038;ssl=1\" alt=\"\" class=\"wp-image-2291\" srcset=\"https:\/\/i2.wp.com\/www.szabokertepito.hu\/tunderkertek\/wp-content\/uploads\/2019\/05\/Cathedral-Cove-06.jpg?w=720&amp;ssl=1 720w, https:\/\/i2.wp.com\/www.szabokertepito.hu\/tunderkertek\/wp-content\/uploads\/2019\/05\/Cathedral-Cove-06.jpg?resize=125%2C167&amp;ssl=1 125w, https:\/\/i2.wp.com\/www.szabokertepito.hu\/tunderkertek\/wp-content\/uploads\/2019\/05\/Cathedral-Cove-06.jpg?resize=640%2C853&amp;ssl=1 640w\" sizes=\"(max-width: 640px) 100vw, 640px\" data-recalc-dims=\"1\" \/><figcaption>Coromandel, New Zealand<\/figcaption><\/figure>\n<!-- AddThis Advanced Settings generic via filter on the_content --><!-- AddThis Share Buttons generic via filter on the_content -->","protected":false},"excerpt":{"rendered":"<p>K\u00fcl\u00f6nleges szikla k\u00e9pz\u0151dm\u00e9ny a Csendes-\u00d3ce\u00e1n partj\u00e1n. A partra vezet\u0151 \u00f6sv\u00e9ny mellett vadon vir\u00e1gz\u00f3 Verben\u00e1k \u00e9s [&hellip;]<!-- AddThis Advanced Settings generic via filter on get_the_excerpt --><!-- AddThis Share Buttons generic via filter on get_the_excerpt --><\/p>\n","protected":false},"author":2,"featured_media":2297,"comment_status":"closed","ping_status":"closed","sticky":false,"template":"","format":"standard","meta":{"spay_email":"","jetpack_publicize_message":"","jetpack_is_tweetstorm":false},"categories":[77,74,35],"tags":[],"jetpack_featured_media_url":"https:\/\/i1.wp.com\/www.szabokertepito.hu\/tunderkertek\/wp-content\/uploads\/2019\/05\/Cathedral-Cove.jpg?fit=960%2C720&ssl=1","jetpack_publicize_connections":[],"jetpack_sharing_enabled":false,"jetpack_shortlink":"https:\/\/wp.me\/paQIIV-AW","jetpack-related-posts":[{"id":1386,"url":"https:\/\/www.szabokertepito.hu\/tunderkertek\/somogyorszag\/","url_meta":{"origin":2290,"position":0},"title":"Somogyorsz\u00e1g","date":"2015.06.12.","format":false,"excerpt":"Val\u00f3di orsz\u00e1g Kopp\u00e1ny idej\u00e9ben volt, t\u00f6bb mint 1000 \u00e9vvel ezel\u0151tt. V\u00e1ltozatos vid\u00e9k, halnak, vadnak, \u00e1llattart\u00e1snak, n\u00f6v\u00e9nytermeszt\u00e9snek egyar\u00e1nt kiv\u00e1l\u00f3 ter\u00fclet. Jelenleg Somogy megyek\u00e9nt, Magyarorsz\u00e1g r\u00e9sze. S\u00e1rgul\u00f3 b\u00fazat\u00e1bla S\u00e1gv\u00e1r k\u00f6rny\u00e9k\u00e9n (a kiemelt k\u00e9pen is). S\u00e1gv\u00e1ri dombok Kis kalandoz\u00e1s vadon n\u00f6v\u0151 \u00e9s \u00fcltetett n\u00f6v\u00e9nyei k\u00f6r\u00e9ben: https:\/\/youtu.be\/kuak4E68oq8","rel":"","context":"In &quot;Magyarorsz\u00e1g&quot;","img":{"alt_text":"","src":"https:\/\/i1.wp.com\/www.szabokertepito.hu\/tunderkertek\/wp-content\/uploads\/2019\/04\/B\u00fazat\u00e1bla-S\u00e1gv\u00e1rn\u00e1l-02.jpg?fit=640%2C480&ssl=1&resize=350%2C200","width":350,"height":200},"classes":[]},{"id":1071,"url":"https:\/\/www.szabokertepito.hu\/tunderkertek\/helyi-flora-a-hegyek-kozott\/","url_meta":{"origin":2290,"position":1},"title":"Helyi fl\u00f3ra a hegyek k\u00f6z\u00f6tt","date":"2018.07.01.","format":false,"excerpt":"A kiemelt k\u00e9pen: A hegyi k\u00e9kcsillag vir\u00e1g (Jasione Montana), m\u00e1s n\u00e9ven isten vir\u00e1ga. Haz\u00e1nkban is \u00e9l homokpuszt\u00e1kon, erd\u0151kben. El\u0151fordul a Ny\u00edrs\u00e9gt\u0151l a Balaton vid\u00e9k\u00e9ig. Bar\u00e1tcserje (Vitex agnus-castus), ny\u00e1r k\u00f6zep\u00e9t\u0151l \u0151sz k\u00f6zep\u00e9ig vir\u00e1gz\u00f3 kellemes illat\u00fa mediterr\u00e1n cserje. Alb\u00e1ni\u00e1ban vadon \u00e9l. A helyi flora n\u00e9h\u00e1ny m\u00e1sik k\u00e9pvisel\u0151je","rel":"","context":"In &quot;Alb\u00e1nia&quot;","img":{"alt_text":"","src":"https:\/\/i0.wp.com\/www.szabokertepito.hu\/tunderkertek\/wp-content\/uploads\/2019\/04\/Flora-03.jpg?fit=640%2C480&ssl=1&resize=350%2C200","width":350,"height":200},"classes":[]},{"id":1092,"url":"https:\/\/www.szabokertepito.hu\/tunderkertek\/butrint\/","url_meta":{"origin":2290,"position":2},"title":"Butrint","date":"2018.07.23.","format":false,"excerpt":"Az \u00d3kori v\u00e1ros monument\u00e1lis romjai a J\u00f3n-tenger partj\u00e1n. Vil\u00e1g\u00f6r\u00f6ks\u00e9gi helysz\u00edn 1992 \u00f3ta. Az I.e. III. sz\u00e1zadban m\u00e1r hell\u00e9n v\u00e1ros \u00e1llt a szigeten, de f\u00e9nykor\u00e1t i.sz. II. sz\u00e1zadban r\u00f3mai provinciai v\u00e1rosk\u00e9nt \u00e9lte. Esk\u00fcv\u0151i el\u0151k\u00e9sz\u00fcletek Ksamil h\u00edres strandja Kaliforniai kakukkm\u00e1k (Eschscholzia californica) a J\u00f3n-tenger partj\u00e1n Alb\u00e1ni\u00e1ban vadon vir\u00e1gzik ez az \u00e9szak-amarik\u00e1ban honos\u2026","rel":"","context":"In &quot;Alb\u00e1nia&quot;","img":{"alt_text":"","src":"https:\/\/i0.wp.com\/www.szabokertepito.hu\/tunderkertek\/wp-content\/uploads\/2019\/04\/Butrint-01.jpg?fit=640%2C480&ssl=1&resize=350%2C200","width":350,"height":200},"classes":[]},{"id":1901,"url":"https:\/\/www.szabokertepito.hu\/tunderkertek\/novenysegek-szubjektiv-valogatas\/","url_meta":{"origin":2290,"position":3},"title":"N\u00f6v\u00e9nys\u00e9gek - szubjekt\u00edv v\u00e1logat\u00e1s","date":"2017.05.25.","format":false,"excerpt":"\u00d6sszegy\u0171jt\u00f6ttem az elm\u00falt h\u00f3napokban rengeteg k\u00e9pet n\u00f6v\u00e9nyekr\u0151l. Ezekb\u0151l v\u00e1logattam ebbe a bejegyz\u00e9sbe a nekem legjobban tetsz\u0151ket. Feh\u00e9r fagy\u00f6ngy (Viscum album) Az igen mutat\u00f3s \u00f6r\u00f6kz\u00f6ld fagy\u00f6ngy \u00e9l\u0151sk\u00f6d\u0151 \u00e9letm\u00f3d\u00fa vir\u00e1gos n\u00f6v\u00e9ny. Az \u00e9l\u0151 fa sz\u00e1ll\u00edt\u00f3sz\u00f6veteibe n\u00f6veszti gy\u00f6kereit \u00e9s a gazdan\u00f6v\u00e9nyt\u0151l asszimil\u00e1tumokat (t\u00e1panyagokat) von el. Itt \u00e9ppen egy galagonya bokron \u00e9l. Kar\u00e1csonyi d\u00edszk\u00e9nt\u2026","rel":"","context":"In &quot;N\u00f6v\u00e9nyek, n\u00f6v\u00e9nyaj\u00e1nl\u00f3&quot;","img":{"alt_text":"","src":"https:\/\/i2.wp.com\/www.szabokertepito.hu\/tunderkertek\/wp-content\/uploads\/2019\/04\/Feh\u00e9r-fagy\u00f6ngy-02.jpg?fit=960%2C720&ssl=1&resize=350%2C200","width":350,"height":200},"classes":[]},{"id":2517,"url":"https:\/\/www.szabokertepito.hu\/tunderkertek\/lullai-viragok\/","url_meta":{"origin":2290,"position":4},"title":"Lullai vir\u00e1gok","date":"2019.06.23.","format":false,"excerpt":"Ahogy v\u00e1ltozik az id\u0151 sorra el\u0151j\u00f6nnek a vir\u00e1gok. A kertben is, kerten k\u00edv\u00fcl is. Egy vir\u00e1gsz\u0151nyeg k\u00f6zep\u00e9n \u00e9l a h\u00e1z gazd\u00e1ja. A leg\u00fajabb r\u00f3zsa sz\u00e9ps\u00e9g Rosa \u2018Sangria\u2019 a francia Meiland nemes\u00edt\u0151 s\u00e9t\u00e1nyr\u00f3zs\u00e1ja t\u00e1mkeretre futtatva. Mezei zs\u00e1lya (Salvia pratensis) vir\u00e1gpompa a legel\u0151n... Csillagf\u00fcrt (Lupinus polyphyllus) J\u00f3l \u00e9rzi mag\u00e1t a Lulla patak\u2026","rel":"","context":"In &quot;A kert&quot;","img":{"alt_text":"","src":"https:\/\/i0.wp.com\/www.szabokertepito.hu\/tunderkertek\/wp-content\/uploads\/2019\/05\/Mezei-zs\u00e1lya-Salvia-pratensis-03.jpg?fit=960%2C720&ssl=1&resize=350%2C200","width":350,"height":200},"classes":[]},{"id":1500,"url":"https:\/\/www.szabokertepito.hu\/tunderkertek\/apuai-alpok\/","url_meta":{"origin":2290,"position":5},"title":"Apuai Alpok","date":"2015.07.07.","format":false,"excerpt":"A minden\u00fctt legyen term\u00e9szet szerelmeseinek. Vir\u00e1gok \u00fat k\u00f6zben: Bar\u00e1tcserje\u00a0(Vitex agnus-castum) ny\u00e1ron hosszan vir\u00e1gz\u00f3 illatos cserje. Kev\u00e9sb\u00e9 ismert n\u00e1lunk, pedig j\u00f3l t\u00e9l\u00e1ll\u00f3 gyorsan n\u00f6v\u0151 bokor. Hortenzi\u00e1k\u00a0( Hydrangea macrophylla Az Apuai Alpok: Saint Viviano sziklatemploma Pihen\u0151 a templom mellett Zan\u00f3t\u00a0(Cytissus praecox) pillang\u00f3s vir\u00e1g\u00fa k\u00fcl\u00f6nleges kin\u00e9zet\u0171 lombj\u00e1val vir\u00e1gz\u00e1son k\u00edv\u00fcl is \u00e9rdekes alacsony cserje.\u2026","rel":"","context":"In &quot;Olaszorsz\u00e1g&quot;","img":{"alt_text":"","src":"https:\/\/i2.wp.com\/www.szabokertepito.hu\/tunderkertek\/wp-content\/uploads\/2019\/04\/Apuai-Alpok-04.jpg?fit=640%2C480&ssl=1&resize=350%2C200","width":350,"height":200},"classes":[]}],"_links":{"self":[{"href":"https:\/\/www.szabokertepito.hu\/tunderkertek\/wp-json\/wp\/v2\/posts\/2290"}],"collection":[{"href":"https:\/\/www.szabokertepito.hu\/tunderkertek\/wp-json\/wp\/v2\/posts"}],"about":[{"href":"https:\/\/www.szabokertepito.hu\/tunderkertek\/wp-json\/wp\/v2\/types\/post"}],"author":[{"embeddable":true,"href":"https:\/\/www.szabokertepito.hu\/tunderkertek\/wp-json\/wp\/v2\/users\/2"}],"replies":[{"embeddable":true,"href":"https:\/\/www.szabokertepito.hu\/tunderkertek\/wp-json\/wp\/v2\/comments?post=2290"}],"version-history":[{"count":1,"href":"https:\/\/www.szabokertepito.hu\/tunderkertek\/wp-json\/wp\/v2\/posts\/2290\/revisions"}],"predecessor-version":[{"id":2298,"href":"https:\/\/www.szabokertepito.hu\/tunderkertek\/wp-json\/wp\/v2\/posts\/2290\/revisions\/2298"}],"wp:featuredmedia":[{"embeddable":true,"href":"https:\/\/www.szabokertepito.hu\/tunderkertek\/wp-json\/wp\/v2\/media\/2297"}],"wp:attachment":[{"href":"https:\/\/www.szabokertepito.hu\/tunderkertek\/wp-json\/wp\/v2\/media?parent=2290"}],"wp:term":[{"taxonomy":"category","embeddable":true,"href":"https:\/\/www.szabokertepito.hu\/tunderkertek\/wp-json\/wp\/v2\/categories?post=2290"},{"taxonomy":"post_tag","embeddable":true,"href":"https:\/\/www.szabokertepito.hu\/tunderkertek\/wp-json\/wp\/v2\/tags?post=2290"}],"curies":[{"name":"wp","href":"https:\/\/api.w.org\/{rel}","templated":true}]}}