{"id":1815,"date":"2016-06-22T21:17:10","date_gmt":"2016-06-22T19:17:10","guid":{"rendered":"https:\/\/www.szabokertepito.hu\/tunderkertek\/?p=1815"},"modified":"2019-04-27T16:56:12","modified_gmt":"2019-04-27T14:56:12","slug":"nyari-kertek","status":"publish","type":"post","link":"https:\/\/www.szabokertepito.hu\/tunderkertek\/nyari-kertek\/","title":{"rendered":"Ny\u00e1ri kertek"},"content":{"rendered":"\n<p><strong>Balatonalm\u00e1di<\/strong>\u00a0&#8211; a tavaly k\u00e9sz\u00fclt el\u0151kert id\u00e9n ny\u00e1rra m\u00e1r d\u00fas vir\u00e1g\u00fa, romantikus kertt\u00e9 \u00e9rett.<\/p>\n\n\n\n<!--more-->\n\n\n\n<figure class=\"wp-block-image is-resized\"><a href=\"https:\/\/i0.wp.com\/1.bp.blogspot.com\/-751Wu4qi_78\/V2rc7OmDpII\/AAAAAAAAEvs\/MDxErTJ1MvAauTKTBTAxrf4jGBsnY2m8wCLcB\/s1600\/El%25C5%2591kert%2B01.jpg?ssl=1\"><img loading=\"lazy\" src=\"https:\/\/i0.wp.com\/1.bp.blogspot.com\/-751Wu4qi_78\/V2rc7OmDpII\/AAAAAAAAEvs\/MDxErTJ1MvAauTKTBTAxrf4jGBsnY2m8wCLcB\/s640\/El%25C5%2591kert%2B01.jpg?resize=581%2C437&#038;ssl=1\" alt=\"\" width=\"581\" height=\"437\" data-recalc-dims=\"1\" \/><\/a><\/figure>\n\n\n\n<div class=\"wp-block-image\"><figure class=\"aligncenter\"><a href=\"https:\/\/i1.wp.com\/4.bp.blogspot.com\/-Zf5uDFKJMYk\/V2rc7KhUS6I\/AAAAAAAAEvw\/Gx7-jAE4mnAxcyvfWOYRPiz5O2wN7FnDwCLcB\/s1600\/El%25C5%2591kert%2B03.jpg?ssl=1\"><img src=\"https:\/\/i2.wp.com\/4.bp.blogspot.com\/-Zf5uDFKJMYk\/V2rc7KhUS6I\/AAAAAAAAEvw\/Gx7-jAE4mnAxcyvfWOYRPiz5O2wN7FnDwCLcB\/s640\/El%25C5%2591kert%2B03.jpg?w=640&#038;ssl=1\" alt=\"\" data-recalc-dims=\"1\"\/><\/a><\/figure><\/div>\n\n\n\n<p><strong>Zam\u00e1rdi<\/strong>&nbsp;&#8211; k\u00f6nny\u0171 dolgom van \u00e1tn\u00e9zni a kerteket, hiszen k\u00f6zel vannak.<\/p>\n\n\n\n<p>Ez egy minimalista h\u00e1z k\u00e9t \u00e9ves kertje.<\/p>\n\n\n\n<figure class=\"wp-block-image\"><a href=\"https:\/\/i1.wp.com\/4.bp.blogspot.com\/-4GGh7-QBWDc\/V2rd_0RI4yI\/AAAAAAAAEwI\/JP5OAmSj03c7eIQXzQqveGS_xLuquFRwgCLcB\/s1600\/Zam%25C3%25A1rdi%2B2%2B%25C3%25A9ves%2B01.jpg?ssl=1\"><img src=\"https:\/\/i1.wp.com\/4.bp.blogspot.com\/-4GGh7-QBWDc\/V2rd_0RI4yI\/AAAAAAAAEwI\/JP5OAmSj03c7eIQXzQqveGS_xLuquFRwgCLcB\/s640\/Zam%25C3%25A1rdi%2B2%2B%25C3%25A9ves%2B01.jpg?w=640&#038;ssl=1\" alt=\"\" data-recalc-dims=\"1\"\/><\/a><\/figure>\n\n\n\n<div class=\"wp-block-image\"><figure class=\"aligncenter\"><a href=\"https:\/\/i2.wp.com\/4.bp.blogspot.com\/-IozXcs3ehIY\/V2rd_zBb4oI\/AAAAAAAAEwQ\/z6IMz9ZAmK0BqGmkCTlkmG7scAYoSX7vgCLcB\/s1600\/Zam%25C3%25A1rdi%2B2%2B%25C3%25A9ves%2B02.jpg?ssl=1\"><img src=\"https:\/\/i1.wp.com\/4.bp.blogspot.com\/-IozXcs3ehIY\/V2rd_zBb4oI\/AAAAAAAAEwQ\/z6IMz9ZAmK0BqGmkCTlkmG7scAYoSX7vgCLcB\/s640\/Zam%25C3%25A1rdi%2B2%2B%25C3%25A9ves%2B02.jpg?w=640&#038;ssl=1\" alt=\"\" data-recalc-dims=\"1\"\/><\/a><\/figure><\/div>\n\n\n\n<div class=\"wp-block-image\"><figure class=\"aligncenter\"><a href=\"https:\/\/i1.wp.com\/1.bp.blogspot.com\/-SFwktPvFgT0\/V2rd_6OUx-I\/AAAAAAAAEwM\/oinrC5FF43EpUtQbgVEjnTJtvmy1CwTawCLcB\/s1600\/Zam%25C3%25A1rdi%2B2%2B%25C3%25A9ves%2B03.jpg?ssl=1\"><img src=\"https:\/\/i1.wp.com\/1.bp.blogspot.com\/-SFwktPvFgT0\/V2rd_6OUx-I\/AAAAAAAAEwM\/oinrC5FF43EpUtQbgVEjnTJtvmy1CwTawCLcB\/s640\/Zam%25C3%25A1rdi%2B2%2B%25C3%25A9ves%2B03.jpg?w=640&#038;ssl=1\" alt=\"\" data-recalc-dims=\"1\"\/><\/a><\/figure><\/div>\n\n\n\n<div class=\"wp-block-image\"><figure class=\"aligncenter\"><a href=\"https:\/\/i1.wp.com\/4.bp.blogspot.com\/-OIlZHy92Eiw\/V2reAPqohdI\/AAAAAAAAEwU\/KKiZ9VDqmngFh6CV44XxZUIgkAd7M_OrQCLcB\/s1600\/Zam%25C3%25A1rdi%2B2%2B%25C3%25A9ves%2B04.jpg?ssl=1\"><img src=\"https:\/\/i1.wp.com\/4.bp.blogspot.com\/-OIlZHy92Eiw\/V2reAPqohdI\/AAAAAAAAEwU\/KKiZ9VDqmngFh6CV44XxZUIgkAd7M_OrQCLcB\/s640\/Zam%25C3%25A1rdi%2B2%2B%25C3%25A9ves%2B04.jpg?w=640&#038;ssl=1\" alt=\"\" data-recalc-dims=\"1\"\/><\/a><\/figure><\/div>\n\n\n\n<div class=\"wp-block-image\"><figure class=\"aligncenter\"><a href=\"https:\/\/i0.wp.com\/2.bp.blogspot.com\/-pPlzsCvHn1s\/V2reAMO5dnI\/AAAAAAAAEwY\/tUWi94v8bbQHpFMqxS0sgSlV2SExMCdAwCLcB\/s1600\/Zam%25C3%25A1rdi%2B2%2B%25C3%25A9ves%2B05.jpg?ssl=1\"><img src=\"https:\/\/i0.wp.com\/2.bp.blogspot.com\/-pPlzsCvHn1s\/V2reAMO5dnI\/AAAAAAAAEwY\/tUWi94v8bbQHpFMqxS0sgSlV2SExMCdAwCLcB\/s640\/Zam%25C3%25A1rdi%2B2%2B%25C3%25A9ves%2B05.jpg?w=640&#038;ssl=1\" alt=\"\" data-recalc-dims=\"1\"\/><\/a><\/figure><\/div>\n\n\n\n<p>Tavaly k\u00e9sz\u00fclt kicsi kert. Gazd\u00e1i az orsz\u00e1g m\u00e1sik v\u00e9g\u00e9b\u0151l l\u00e1togatj\u00e1k hetente. Nem csoda, hiszen a Balaton, a kil\u00e1t\u00e1s \u00e9s a kertb\u0151l \u00e1rad\u00f3 nyugalom b\u00e1rkit elcs\u00e1b\u00edtana.<\/p>\n\n\n\n<div class=\"wp-block-image\"><figure class=\"aligncenter is-resized\"><a href=\"https:\/\/i0.wp.com\/1.bp.blogspot.com\/-77aSfU2g3n8\/V2rebMXI0mI\/AAAAAAAAEwo\/ZsAV76N3X082xgwrlwf78MHXZtgYXdd1wCLcB\/s1600\/Tavalyi%2B01.jpg?ssl=1\"><img loading=\"lazy\" src=\"https:\/\/i1.wp.com\/1.bp.blogspot.com\/-77aSfU2g3n8\/V2rebMXI0mI\/AAAAAAAAEwo\/ZsAV76N3X082xgwrlwf78MHXZtgYXdd1wCLcB\/s640\/Tavalyi%2B01.jpg?resize=480%2C636&#038;ssl=1\" alt=\"\" width=\"480\" height=\"636\" data-recalc-dims=\"1\" \/><\/a><\/figure><\/div>\n\n\n\n<div class=\"wp-block-image\"><figure class=\"aligncenter\"><a href=\"https:\/\/i2.wp.com\/4.bp.blogspot.com\/-E0--4l7YIoQ\/V2rebNqHV9I\/AAAAAAAAEws\/8fzdccVRiCsUmSgwB2-Lq71eXjwhC4rSgCLcB\/s1600\/Tavalyi%2B02.jpg?ssl=1\"><img src=\"https:\/\/i2.wp.com\/4.bp.blogspot.com\/-E0--4l7YIoQ\/V2rebNqHV9I\/AAAAAAAAEws\/8fzdccVRiCsUmSgwB2-Lq71eXjwhC4rSgCLcB\/s640\/Tavalyi%2B02.jpg?w=640&#038;ssl=1\" alt=\"\" data-recalc-dims=\"1\"\/><\/a><\/figure><\/div>\n\n\n\n<figure class=\"wp-block-image\"><a href=\"https:\/\/i1.wp.com\/1.bp.blogspot.com\/-sS1QpxIZKno\/V2rebJii2kI\/AAAAAAAAEwk\/i5aLlYekS8QoILeuJSVluCOSuN8FiFvOwCLcB\/s1600\/Tavalyi%2B03.jpg?ssl=1\"><img src=\"https:\/\/i1.wp.com\/1.bp.blogspot.com\/-sS1QpxIZKno\/V2rebJii2kI\/AAAAAAAAEwk\/i5aLlYekS8QoILeuJSVluCOSuN8FiFvOwCLcB\/s640\/Tavalyi%2B03.jpg?w=640&#038;ssl=1\" alt=\"\" data-recalc-dims=\"1\"\/><\/a><\/figure>\n\n\n\n<div class=\"wp-block-image\"><figure class=\"aligncenter\"><a href=\"https:\/\/i1.wp.com\/3.bp.blogspot.com\/-1PRzddQm9Jw\/V2rebfgwKlI\/AAAAAAAAEww\/0tD9YdLNZUUrx-riJbHZ8QuVXdCGhRIfQCLcB\/s1600\/Tavalyi%2B04.jpg?ssl=1\"><img src=\"https:\/\/i1.wp.com\/3.bp.blogspot.com\/-1PRzddQm9Jw\/V2rebfgwKlI\/AAAAAAAAEww\/0tD9YdLNZUUrx-riJbHZ8QuVXdCGhRIfQCLcB\/s640\/Tavalyi%2B04.jpg?w=640&#038;ssl=1\" alt=\"\" data-recalc-dims=\"1\"\/><\/a><\/figure><\/div>\n\n\n\n<p>Tavaly \u00e9p\u00edtett kertikonyh\u00e1s kert.<\/p>\n\n\n\n<p>A kert \u00e9s a kinti konyha tervez\u00e9se \u00e9s kivitelez\u00e9se is a koll\u00e9g\u00e1im \u00e9rdeme.(Kerttervez\u0151: Gomb\u00e1sn\u00e9 Magyar&nbsp;Csilla)<\/p>\n\n\n\n<div class=\"wp-block-image\"><figure class=\"aligncenter is-resized\"><a href=\"https:\/\/i2.wp.com\/2.bp.blogspot.com\/-0mE5shUNqAU\/V2rfwdY8OOI\/AAAAAAAAEw8\/zaAqA54NNWcCV0V2HTU8ZCgiLs0PMQ7kgCLcB\/s1600\/Kertikonyh%25C3%25A1s%252C%2BGomb%25C3%25A1sn%25C3%25A9%2BMagyar%2BCsilla%2B01.jpg?ssl=1\"><img loading=\"lazy\" src=\"https:\/\/i1.wp.com\/2.bp.blogspot.com\/-0mE5shUNqAU\/V2rfwdY8OOI\/AAAAAAAAEw8\/zaAqA54NNWcCV0V2HTU8ZCgiLs0PMQ7kgCLcB\/s640\/Kertikonyh%25C3%25A1s%252C%2BGomb%25C3%25A1sn%25C3%25A9%2BMagyar%2BCsilla%2B01.jpg?resize=480%2C639&#038;ssl=1\" alt=\"\" width=\"480\" height=\"639\" data-recalc-dims=\"1\" \/><\/a><\/figure><\/div>\n\n\n\n<figure class=\"wp-block-image\"><a href=\"https:\/\/i1.wp.com\/3.bp.blogspot.com\/-lqmQ9gfueww\/V2rfweciOyI\/AAAAAAAAExA\/C_2S16ho7Z48l0pbmCTjw0YItrRk6RH6wCLcB\/s1600\/Kertikonyh%25C3%25A1s%252C%2BGomb%25C3%25A1sn%25C3%25A9%2BMagyar%2BCsilla%2B02.jpg?ssl=1\"><img src=\"https:\/\/i1.wp.com\/3.bp.blogspot.com\/-lqmQ9gfueww\/V2rfweciOyI\/AAAAAAAAExA\/C_2S16ho7Z48l0pbmCTjw0YItrRk6RH6wCLcB\/s640\/Kertikonyh%25C3%25A1s%252C%2BGomb%25C3%25A1sn%25C3%25A9%2BMagyar%2BCsilla%2B02.jpg?w=640&#038;ssl=1\" alt=\"\" data-recalc-dims=\"1\"\/><\/a><\/figure>\n\n\n\n<div class=\"wp-block-image\"><figure class=\"aligncenter\"><a href=\"https:\/\/i1.wp.com\/2.bp.blogspot.com\/-oDYkpf_69s4\/V2rfwY2PSlI\/AAAAAAAAExE\/G_lThUVJMuAz7ibuhQGoUxpRk7qH0P-iACLcB\/s1600\/Kertikonyh%25C3%25A1s%252C%2BGomb%25C3%25A1sn%25C3%25A9%2BMagyar%2BCsilla%2B03.jpg?ssl=1\"><img src=\"https:\/\/i0.wp.com\/2.bp.blogspot.com\/-oDYkpf_69s4\/V2rfwY2PSlI\/AAAAAAAAExE\/G_lThUVJMuAz7ibuhQGoUxpRk7qH0P-iACLcB\/s640\/Kertikonyh%25C3%25A1s%252C%2BGomb%25C3%25A1sn%25C3%25A9%2BMagyar%2BCsilla%2B03.jpg?w=640&#038;ssl=1\" alt=\"\" data-recalc-dims=\"1\"\/><\/a><\/figure><\/div>\n\n\n\n<div class=\"wp-block-image\"><figure class=\"aligncenter\"><a href=\"https:\/\/i2.wp.com\/3.bp.blogspot.com\/-bZ6yRK8WDW4\/V2rfwh0JF-I\/AAAAAAAAExI\/vmCfFe7_dzA7dbdYNXkjs5fwblP34SAZgCLcB\/s1600\/Kertikonyh%25C3%25A1s%252C%2BGomb%25C3%25A1sn%25C3%25A9%2BMagyar%2BCsilla%2B04.jpg?ssl=1\"><img src=\"https:\/\/i1.wp.com\/3.bp.blogspot.com\/-bZ6yRK8WDW4\/V2rfwh0JF-I\/AAAAAAAAExI\/vmCfFe7_dzA7dbdYNXkjs5fwblP34SAZgCLcB\/s640\/Kertikonyh%25C3%25A1s%252C%2BGomb%25C3%25A1sn%25C3%25A9%2BMagyar%2BCsilla%2B04.jpg?w=640&#038;ssl=1\" alt=\"\" data-recalc-dims=\"1\"\/><\/a><\/figure><\/div>\n<!-- AddThis Advanced Settings generic via filter on the_content --><!-- AddThis Share Buttons generic via filter on the_content -->","protected":false},"excerpt":{"rendered":"<p>Balatonalm\u00e1di\u00a0&#8211; a tavaly k\u00e9sz\u00fclt el\u0151kert id\u00e9n ny\u00e1rra m\u00e1r d\u00fas vir\u00e1g\u00fa, romantikus kertt\u00e9 \u00e9rett.<!-- AddThis Advanced Settings generic via filter on get_the_excerpt --><!-- AddThis Share Buttons generic via filter on get_the_excerpt --><\/p>\n","protected":false},"author":2,"featured_media":1817,"comment_status":"closed","ping_status":"closed","sticky":false,"template":"","format":"standard","meta":{"spay_email":"","jetpack_publicize_message":"","jetpack_is_tweetstorm":false},"categories":[58,53],"tags":[],"jetpack_featured_media_url":"https:\/\/i0.wp.com\/www.szabokertepito.hu\/tunderkertek\/wp-content\/uploads\/2019\/04\/El\u0151kert-02.jpg?fit=640%2C480&ssl=1","jetpack_publicize_connections":[],"jetpack_sharing_enabled":false,"jetpack_shortlink":"https:\/\/wp.me\/paQIIV-th","jetpack-related-posts":[{"id":1805,"url":"https:\/\/www.szabokertepito.hu\/tunderkertek\/kerttortenetek-nezzuk-meg-ma\/","url_meta":{"origin":1815,"position":0},"title":"Kertt\u00f6rt\u00e9netek: n\u00e9zz\u00fck meg ma!","date":"2016.06.07.","format":false,"excerpt":"Kezdj\u00fck otthon: irod\u00e1nk el\u0151kertje Egy 15 \u00e9ve \u00e9p\u00fclt kert n\u00e9h\u00e1ny r\u00e9szlete Egy r\u00e9gebben \u00e9p\u00fclt kert Si\u00f3fok-S\u00f3st\u00f3n Ez a kert gy\u00f6ny\u00f6r\u0171en \u00f6ssze\u00e9rett az elm\u00falt kilenc \u00e9v alatt. M\u00e1r nyolc \u00e9ve elk\u00e9sz\u00fclt. Mintha tegnap lett volna. \u00c1rnyas, romantikus kert lett h\u00e9t \u00e9ves kor\u00e1ra. A Nitroterv kertje ma. Ez a Balatonalm\u00e1diban l\u00e9v\u0151 kert\u2026","rel":"","context":"In &quot;Kertt\u00f6rt\u00e9netek&quot;","img":{"alt_text":"","src":"https:\/\/i2.wp.com\/www.szabokertepito.hu\/tunderkertek\/wp-content\/uploads\/2019\/04\/Szab\u00f3kert\u00e9p\u00edt\u0151-el\u0151kert-01.jpg?fit=640%2C479&ssl=1&resize=350%2C200","width":350,"height":200},"classes":[]},{"id":1829,"url":"https:\/\/www.szabokertepito.hu\/tunderkertek\/nyar-kertek-viragok\/","url_meta":{"origin":1815,"position":1},"title":"Ny\u00e1r, kertek, vir\u00e1gok","date":"2016.07.29.","format":false,"excerpt":"Miel\u0151tt elmegy\u00fcnk egy r\u00e9gebben k\u00e9sz\u00fclt kertet megn\u00e9zni, hogyan alakul, milyenek a n\u00f6v\u00e9nyek, minden rendben van, mindig felkel a nap. Itt a Balatonn\u00e1l ilyen a napfelkete Si\u00f3fokon. El\u0151sz\u00f6r az IL Mercato \u00e9tterem kertj\u00e9t l\u00e1togattuk meg, Balatonakaratty\u00e1n. A kerti t\u00f3 4 \u00e9ve k\u00e9sz\u00fclt, a cs\u00f3nak 2 \u00e9ve ring a partj\u00e1n. Piros vir\u00e1g\u00fa\u2026","rel":"","context":"In &quot;Kertt\u00f6rt\u00e9netek&quot;","img":{"alt_text":"","src":"https:\/\/i2.wp.com\/www.szabokertepito.hu\/tunderkertek\/wp-content\/uploads\/2019\/04\/Si\u00f3fok_napkelte_01.jpg?fit=640%2C480&ssl=1&resize=350%2C200","width":350,"height":200},"classes":[]},{"id":1777,"url":"https:\/\/www.szabokertepito.hu\/tunderkertek\/mi-ujsag-a-kertekben\/","url_meta":{"origin":1815,"position":2},"title":"Mi \u00fajs\u00e1g a kertekben?","date":"2016.05.02.","format":false,"excerpt":"Kezdj\u00fck \u201eotthon\u201d: Ma reggeli igazi tavaszias fogadtat\u00e1s az irod\u00e1nk el\u0151tt\u00a0Zam\u00e1rdiban, a Szab\u00f3 Kert\u00e9p\u00edt\u0151 telephely\u00e9n. K\u00f6zben f\u00f6ldmunk\u00e1kba kezdt\u00fcnk, \u00e9p\u00edt\u00fcnk egy TORO \u00f6nt\u00f6z\u0151rendszert is a\u00a0Balaton partj\u00e1n: Mala Garden Si\u00f3fok. Visszaker\u00fcltek a p\u00e1lm\u00e1k (Chamaerops excelsa) a cik\u00e1sz (Cycas revoluta) \u00e9s a m\u00e9g k\u00f3kadt szerelemvir\u00e1gok (Agapanthus africanus), v\u00e1rj\u00e1k a nyarat... Balatonsz\u00e1rsz\u00f3: \u00e9p\u00edt\u00e9sz h\u00e1zasp\u00e1r minimalista\u2026","rel":"","context":"In &quot;Kertt\u00f6rt\u00e9netek&quot;","img":{"alt_text":"","src":"https:\/\/i0.wp.com\/www.szabokertepito.hu\/tunderkertek\/wp-content\/uploads\/2019\/04\/Kert-01.jpg?fit=640%2C480&ssl=1&resize=350%2C200","width":350,"height":200},"classes":[]},{"id":1550,"url":"https:\/\/www.szabokertepito.hu\/tunderkertek\/gyermekkert-a-nyar-vegere\/","url_meta":{"origin":1815,"position":3},"title":"Gyermekkert a ny\u00e1r v\u00e9g\u00e9re","date":"2015.08.27.","format":false,"excerpt":"A kert elk\u00e9sz\u00fcltekor m\u00e1r besz\u00e1moltam arr\u00f3l, hogyan k\u00e9sz\u00fclt, milyen lett. Most ny\u00e1r v\u00e9g\u00e9re m\u00e1r l\u00e1that\u00f3an belakt\u00e1k gazd\u00e1i, akik gondozz\u00e1k \u00e9s \u00e9lvezik egyszerre. Ennek a kertnek egy r\u00e9sze olyan, amilyennek a kerteket megszoktuk. Remek r\u00e9szlete az el\u0151re ki\u00e9p\u00edtett, k\u0151burkolat\u00fa, sz\u00e9lv\u00e9dett szalonnas\u00fct\u0151 - grillez\u0151hely. Igaz\u00e1n mutat\u00f3s a h\u00e1rom fekete k\u0151nek l\u00e1tsz\u00f3 csobog\u00f3,\u2026","rel":"","context":"In &quot;Kertt\u00f6rt\u00e9netek&quot;","img":{"alt_text":"","src":"https:\/\/i0.wp.com\/www.szabokertepito.hu\/tunderkertek\/wp-content\/uploads\/2019\/04\/Gyerekkert-10.jpg?fit=640%2C480&ssl=1&resize=350%2C200","width":350,"height":200},"classes":[]},{"id":1500,"url":"https:\/\/www.szabokertepito.hu\/tunderkertek\/apuai-alpok\/","url_meta":{"origin":1815,"position":4},"title":"Apuai Alpok","date":"2015.07.07.","format":false,"excerpt":"A minden\u00fctt legyen term\u00e9szet szerelmeseinek. Vir\u00e1gok \u00fat k\u00f6zben: Bar\u00e1tcserje\u00a0(Vitex agnus-castum) ny\u00e1ron hosszan vir\u00e1gz\u00f3 illatos cserje. Kev\u00e9sb\u00e9 ismert n\u00e1lunk, pedig j\u00f3l t\u00e9l\u00e1ll\u00f3 gyorsan n\u00f6v\u0151 bokor. Hortenzi\u00e1k\u00a0( Hydrangea macrophylla Az Apuai Alpok: Saint Viviano sziklatemploma Pihen\u0151 a templom mellett Zan\u00f3t\u00a0(Cytissus praecox) pillang\u00f3s vir\u00e1g\u00fa k\u00fcl\u00f6nleges kin\u00e9zet\u0171 lombj\u00e1val vir\u00e1gz\u00e1son k\u00edv\u00fcl is \u00e9rdekes alacsony cserje.\u2026","rel":"","context":"In &quot;Olaszorsz\u00e1g&quot;","img":{"alt_text":"","src":"https:\/\/i2.wp.com\/www.szabokertepito.hu\/tunderkertek\/wp-content\/uploads\/2019\/04\/Apuai-Alpok-04.jpg?fit=640%2C480&ssl=1&resize=350%2C200","width":350,"height":200},"classes":[]},{"id":1854,"url":"https:\/\/www.szabokertepito.hu\/tunderkertek\/osz-novenyek-kertek\/","url_meta":{"origin":1815,"position":5},"title":"\u0150sz, n\u00f6v\u00e9nyek, kertek","date":"2016.11.16.","format":false,"excerpt":"Balatonsz\u00e1rsz\u00f3n \u00e9p\u00edtett kert\u00fcnk \u0151szi sz\u00ednei. N\u00f6v\u00e9nyek a fal t\u00f6v\u00e9ben T\u0171zes\u0151 (Heuchera micrantha mix) kavalk\u00e1d egy \u00f6nt\u00f6ttvas kasp\u00f3ban. \u00d6r\u00f6kz\u00f6ld, \u00e1rny\u00e9kot \u00e9s napot is j\u00f3l t\u0171r\u0151, rendk\u00edv\u00fcli sz\u00ednekben pomp\u00e1z\u00f3 vir\u00e1gos \u00e9vel\u0151. A h\u00e1rom n\u0151v\u00e9r...szeldelt level\u0171 jap\u00e1njuharok (Acer palmatum \u201aDissectum\u2019)...ugyanaz a fajta k\u00fcl\u00f6nb\u00f6z\u0151 lombsz\u00ednez\u0151d\u00e9si \u00e1llapotokban... T\u0171zjuhar (Acer ginnala) fantasztikus az \u0151szi lev\u00e9l sz\u00ednez\u0151d\u00e9se...\u2026","rel":"","context":"In &quot;Kertt\u00f6rt\u00e9netek&quot;","img":{"alt_text":"","src":"https:\/\/i1.wp.com\/www.szabokertepito.hu\/tunderkertek\/wp-content\/uploads\/2019\/04\/Balatonsz\u00e1rsz\u00f3-03.jpg?fit=640%2C480&ssl=1&resize=350%2C200","width":350,"height":200},"classes":[]}],"_links":{"self":[{"href":"https:\/\/www.szabokertepito.hu\/tunderkertek\/wp-json\/wp\/v2\/posts\/1815"}],"collection":[{"href":"https:\/\/www.szabokertepito.hu\/tunderkertek\/wp-json\/wp\/v2\/posts"}],"about":[{"href":"https:\/\/www.szabokertepito.hu\/tunderkertek\/wp-json\/wp\/v2\/types\/post"}],"author":[{"embeddable":true,"href":"https:\/\/www.szabokertepito.hu\/tunderkertek\/wp-json\/wp\/v2\/users\/2"}],"replies":[{"embeddable":true,"href":"https:\/\/www.szabokertepito.hu\/tunderkertek\/wp-json\/wp\/v2\/comments?post=1815"}],"version-history":[{"count":2,"href":"https:\/\/www.szabokertepito.hu\/tunderkertek\/wp-json\/wp\/v2\/posts\/1815\/revisions"}],"predecessor-version":[{"id":1843,"href":"https:\/\/www.szabokertepito.hu\/tunderkertek\/wp-json\/wp\/v2\/posts\/1815\/revisions\/1843"}],"wp:featuredmedia":[{"embeddable":true,"href":"https:\/\/www.szabokertepito.hu\/tunderkertek\/wp-json\/wp\/v2\/media\/1817"}],"wp:attachment":[{"href":"https:\/\/www.szabokertepito.hu\/tunderkertek\/wp-json\/wp\/v2\/media?parent=1815"}],"wp:term":[{"taxonomy":"category","embeddable":true,"href":"https:\/\/www.szabokertepito.hu\/tunderkertek\/wp-json\/wp\/v2\/categories?post=1815"},{"taxonomy":"post_tag","embeddable":true,"href":"https:\/\/www.szabokertepito.hu\/tunderkertek\/wp-json\/wp\/v2\/tags?post=1815"}],"curies":[{"name":"wp","href":"https:\/\/api.w.org\/{rel}","templated":true}]}}