{"id":1809,"date":"2016-06-20T14:07:22","date_gmt":"2016-06-20T12:07:22","guid":{"rendered":"https:\/\/www.szabokertepito.hu\/tunderkertek\/?p=1809"},"modified":"2019-04-27T02:38:58","modified_gmt":"2019-04-27T00:38:58","slug":"itt-a-nyar-szep-viragok-vadviragok-gyogyviragok","status":"publish","type":"post","link":"https:\/\/www.szabokertepito.hu\/tunderkertek\/itt-a-nyar-szep-viragok-vadviragok-gyogyviragok\/","title":{"rendered":"Itt a ny\u00e1r &#8211; sz\u00e9p vir\u00e1gok, vadvir\u00e1gok, gy\u00f3gyvir\u00e1gok"},"content":{"rendered":"\n<p>A ny\u00e1r kezdet\u00e9n m\u00e1r mindenfel\u00e9 virul a vadvir\u00e1gos tarka r\u00e9t. P\u00e9ld\u00e1ul tele pipacsokkal &#8211; ahogy mi szeretj\u00fck. M\u00e9g alb\u00edn\u00f3 pipacs (papaver) is akad.<\/p>\n\n\n\n<!--more-->\n\n\n\n<div class=\"wp-block-image\"><figure class=\"aligncenter is-resized\"><a href=\"https:\/\/i1.wp.com\/4.bp.blogspot.com\/-P8y2qGhS1ro\/V2fVsZaf8jI\/AAAAAAAAEtg\/dTSdXjsTBAAaSH07dZq6ID1GpHXsxG9wwCLcB\/s1600\/Pipacsok%2B01.jpg?ssl=1\"><img loading=\"lazy\" src=\"https:\/\/i2.wp.com\/4.bp.blogspot.com\/-P8y2qGhS1ro\/V2fVsZaf8jI\/AAAAAAAAEtg\/dTSdXjsTBAAaSH07dZq6ID1GpHXsxG9wwCLcB\/s640\/Pipacsok%2B01.jpg?resize=480%2C637&#038;ssl=1\" alt=\"\" width=\"480\" height=\"637\" data-recalc-dims=\"1\" \/><\/a><\/figure><\/div>\n\n\n\n<figure class=\"wp-block-image\"><a href=\"https:\/\/i1.wp.com\/2.bp.blogspot.com\/-yQxAN9l7i9c\/V2fVsSkcQSI\/AAAAAAAAEtc\/PXlbJ3pWF-IkrXZT1CXPgFy0yRhJDnvgACLcB\/s1600\/Pipacsok%2B03.jpg?ssl=1\"><img src=\"https:\/\/i1.wp.com\/2.bp.blogspot.com\/-yQxAN9l7i9c\/V2fVsSkcQSI\/AAAAAAAAEtc\/PXlbJ3pWF-IkrXZT1CXPgFy0yRhJDnvgACLcB\/s640\/Pipacsok%2B03.jpg?w=640&#038;ssl=1\" alt=\"\" data-recalc-dims=\"1\"\/><\/a><\/figure>\n\n\n\n<figure class=\"wp-block-image\"><a href=\"https:\/\/i1.wp.com\/4.bp.blogspot.com\/-GoJbbfzoHgg\/V2fVs-j4FFI\/AAAAAAAAEto\/S-47BKL0OZQ3K423HLnT8DLUwJE4sytRACLcB\/s1600\/Pipacsok%2B05.jpg?ssl=1\"><img src=\"https:\/\/i2.wp.com\/4.bp.blogspot.com\/-GoJbbfzoHgg\/V2fVs-j4FFI\/AAAAAAAAEto\/S-47BKL0OZQ3K423HLnT8DLUwJE4sytRACLcB\/s640\/Pipacsok%2B05.jpg?w=640&#038;ssl=1\" alt=\"\" data-recalc-dims=\"1\"\/><\/a><\/figure>\n\n\n\n<p>Nagyon sz\u00e9p n\u00f6v\u00e9ny\u00fcnk a t\u00f6vises iglice (Ononis spinosa) legel\u0151s r\u00e9tek elterjedt n\u00f6v\u00e9nye. T\u00fcsk\u00e9i megv\u00e9dik a lelegel\u00e9st\u0151l kicsiny bokor form\u00e1j\u00e1t. Gy\u00f3gyn\u00f6v\u00e9nyk\u00e9nt reuma \u00e9s k\u00f6szv\u00e9ny ellen haszn\u00e1lj\u00e1k hat\u00f3anyag\u00e1t.<\/p>\n\n\n\n<div class=\"wp-block-image\"><figure class=\"aligncenter is-resized\"><a href=\"https:\/\/i0.wp.com\/4.bp.blogspot.com\/-SE70H5e57RU\/V2fWRxU9zXI\/AAAAAAAAEt8\/sqSBW1sFez0muX8K_RdMw98Mxni9ZEC8ACLcB\/s1600\/T%25C3%25B6vises%2Biglice%2B%2528Ononis%2Bspinosa%2529%2B01.jpg?ssl=1\"><img loading=\"lazy\" src=\"https:\/\/i0.wp.com\/4.bp.blogspot.com\/-SE70H5e57RU\/V2fWRxU9zXI\/AAAAAAAAEt8\/sqSBW1sFez0muX8K_RdMw98Mxni9ZEC8ACLcB\/s640\/T%25C3%25B6vises%2Biglice%2B%2528Ononis%2Bspinosa%2529%2B01.jpg?resize=480%2C638&#038;ssl=1\" alt=\"\" width=\"480\" height=\"638\" data-recalc-dims=\"1\" \/><\/a><\/figure><\/div>\n\n\n\n<div class=\"wp-block-image\"><figure class=\"aligncenter\"><a href=\"https:\/\/i1.wp.com\/3.bp.blogspot.com\/-ZDaG3mnPEfA\/V2fWR3Az8HI\/AAAAAAAAEuA\/I-IH5ehJ_nUSXHF7oGvaX9hdMP1lNKvUQCLcB\/s1600\/T%25C3%25B6vises%2Biglice%2B%2528Ononis%2Bspinosa%2529%2B02.jpg?ssl=1\"><img src=\"https:\/\/i1.wp.com\/3.bp.blogspot.com\/-ZDaG3mnPEfA\/V2fWR3Az8HI\/AAAAAAAAEuA\/I-IH5ehJ_nUSXHF7oGvaX9hdMP1lNKvUQCLcB\/s640\/T%25C3%25B6vises%2Biglice%2B%2528Ononis%2Bspinosa%2529%2B02.jpg?w=640&#038;ssl=1\" alt=\"\" data-recalc-dims=\"1\"\/><\/a><\/figure><\/div>\n\n\n\n<p>Baracklevel\u0171 harangvirag (Campanula persicifolia) kecses vir\u00e1gai a budai hegyekben.<\/p>\n\n\n\n<div class=\"wp-block-image\"><figure class=\"aligncenter is-resized\"><a href=\"https:\/\/i1.wp.com\/1.bp.blogspot.com\/-nl6wrkX3sU4\/V2fW_tyVOHI\/AAAAAAAAEuQ\/zCU2b9K3tiwArN7O3-lUuAcLmPc2gDK7ACLcB\/s1600\/Baracklevel%25C5%25B1%2Bharangvirag%2B%2528Campanula%2Bpersicifolia%2529%2B01.jpg?ssl=1\"><img loading=\"lazy\" src=\"https:\/\/i2.wp.com\/1.bp.blogspot.com\/-nl6wrkX3sU4\/V2fW_tyVOHI\/AAAAAAAAEuQ\/zCU2b9K3tiwArN7O3-lUuAcLmPc2gDK7ACLcB\/s640\/Baracklevel%25C5%25B1%2Bharangvirag%2B%2528Campanula%2Bpersicifolia%2529%2B01.jpg?resize=480%2C637&#038;ssl=1\" alt=\"\" width=\"480\" height=\"637\" data-recalc-dims=\"1\" \/><\/a><\/figure><\/div>\n\n\n\n<div class=\"wp-block-image\"><figure class=\"aligncenter\"><a href=\"https:\/\/i0.wp.com\/3.bp.blogspot.com\/--icMaGVI-2E\/V2fW_gaI-0I\/AAAAAAAAEuM\/d0oCmixDPGEUMUM6kigL_G1j_ri49D2IQCLcB\/s1600\/Baracklevel%25C5%25B1%2Bharangvirag%2B%2528Campanula%2Bpersicifolia%2529%2B02.jpg?ssl=1\"><img src=\"https:\/\/i1.wp.com\/3.bp.blogspot.com\/--icMaGVI-2E\/V2fW_gaI-0I\/AAAAAAAAEuM\/d0oCmixDPGEUMUM6kigL_G1j_ri49D2IQCLcB\/s640\/Baracklevel%25C5%25B1%2Bharangvirag%2B%2528Campanula%2Bpersicifolia%2529%2B02.jpg?w=640&#038;ssl=1\" alt=\"\" data-recalc-dims=\"1\"\/><\/a><\/figure><\/div>\n\n\n\n<div class=\"wp-block-image\"><figure class=\"aligncenter\"><a href=\"https:\/\/i0.wp.com\/3.bp.blogspot.com\/-iDZZWXC54b4\/V2fW_u5fTFI\/AAAAAAAAEuU\/zuBqbG4GFGAC6D6wA-MGJRj-Zpr69BQmwCLcB\/s1600\/Baracklevel%25C5%25B1%2Bharangvirag%2B%2528Campanula%2Bpersicifolia%2529%2B03.jpg?ssl=1\"><img src=\"https:\/\/i2.wp.com\/3.bp.blogspot.com\/-iDZZWXC54b4\/V2fW_u5fTFI\/AAAAAAAAEuU\/zuBqbG4GFGAC6D6wA-MGJRj-Zpr69BQmwCLcB\/s640\/Baracklevel%25C5%25B1%2Bharangvirag%2B%2528Campanula%2Bpersicifolia%2529%2B03.jpg?w=640&#038;ssl=1\" alt=\"\" data-recalc-dims=\"1\"\/><\/a><\/figure><\/div>\n\n\n\n<p>Kam\u00e9leon vir\u00e1g (Houttuynia cordata &#8216;Chamaeleon&#8217;) nedves, v\u00edzparti helyet kedvel\u0151, \u00e9vel\u0151, tarackol\u00f3 talajtakar\u00f3. \u00c9rdekes t\u00f6bbf\u00e9le sz\u00ednez\u0151d\u00e9s\u0171 lev\u00e9lzettel, ny\u00e1rel\u0151n d\u00fasan vir\u00e1gz\u00f3 kedves vir\u00e1gt\u00f6meggel. A talaj nedvess\u00e9g tartalm\u00e1t\u00f3l \u00e9s a lev\u00e9lzet benapozotts\u00e1g\u00e1t\u00f3l f\u00fcgg lombozat\u00e1nak sz\u00ednez\u0151d\u00e9se.<\/p>\n\n\n\n<div class=\"wp-block-image\"><figure class=\"aligncenter is-resized\"><a href=\"https:\/\/i1.wp.com\/1.bp.blogspot.com\/-pn_mBl-99OI\/V2fY_iCrVmI\/AAAAAAAAEug\/54MYeiDad8wazncb0cf3_CK-3uFizI5MQCLcB\/s1600\/Kam%25C3%25A9leon%2Bvir%25C3%25A1g%2B%2528%2BHouttuynia%2Bcordata%2B%2527Chamaeleon%2527%2529%2B01.jpg?ssl=1\"><img loading=\"lazy\" src=\"https:\/\/i2.wp.com\/1.bp.blogspot.com\/-pn_mBl-99OI\/V2fY_iCrVmI\/AAAAAAAAEug\/54MYeiDad8wazncb0cf3_CK-3uFizI5MQCLcB\/s640\/Kam%25C3%25A9leon%2Bvir%25C3%25A1g%2B%2528%2BHouttuynia%2Bcordata%2B%2527Chamaeleon%2527%2529%2B01.jpg?resize=581%2C577&#038;ssl=1\" alt=\"\" width=\"581\" height=\"577\" data-recalc-dims=\"1\" \/><\/a><\/figure><\/div>\n\n\n\n<figure class=\"wp-block-image\"><a href=\"https:\/\/i1.wp.com\/3.bp.blogspot.com\/-HOmI166Hu_0\/V2fY_smh1YI\/AAAAAAAAEuk\/BTN_e0Q9-kobXsF4SGOO4G6NBR7jCY64gCLcB\/s1600\/Kam%25C3%25A9leon%2Bvir%25C3%25A1g%2B%2528%2BHouttuynia%2Bcordata%2B%2527Chamaeleon%2527%2529%2B02.jpg?ssl=1\"><img src=\"https:\/\/i0.wp.com\/3.bp.blogspot.com\/-HOmI166Hu_0\/V2fY_smh1YI\/AAAAAAAAEuk\/BTN_e0Q9-kobXsF4SGOO4G6NBR7jCY64gCLcB\/s640\/Kam%25C3%25A9leon%2Bvir%25C3%25A1g%2B%2528%2BHouttuynia%2Bcordata%2B%2527Chamaeleon%2527%2529%2B02.jpg?w=640&#038;ssl=1\" alt=\"\" data-recalc-dims=\"1\"\/><\/a><\/figure>\n\n\n\n<figure class=\"wp-block-image\"><a href=\"https:\/\/i1.wp.com\/1.bp.blogspot.com\/-KBAcqPHiksQ\/V2fY_uD9q0I\/AAAAAAAAEuo\/fF9N48njlvs2TFWMcxKBkeaMsUC-K8fcACLcB\/s1600\/Kam%25C3%25A9leon%2Bvir%25C3%25A1g%2B%2528%2BHouttuynia%2Bcordata%2B%2527Chamaeleon%2527%2529%2B03.jpg?ssl=1\"><img src=\"https:\/\/i2.wp.com\/1.bp.blogspot.com\/-KBAcqPHiksQ\/V2fY_uD9q0I\/AAAAAAAAEuo\/fF9N48njlvs2TFWMcxKBkeaMsUC-K8fcACLcB\/s640\/Kam%25C3%25A9leon%2Bvir%25C3%25A1g%2B%2528%2BHouttuynia%2Bcordata%2B%2527Chamaeleon%2527%2529%2B03.jpg?w=640&#038;ssl=1\" alt=\"\" data-recalc-dims=\"1\"\/><\/a><\/figure>\n\n\n\n<p>D\u00edszvir\u00e1gok: avagy mire m\u00e1sra lehetne is haszn\u00e1lni a kin\u0151tt korcsoly\u00e1kat Pach G\u00e1bor bar\u00e1tom, zam\u00e1rdi p\u00e1linkaf\u0151z\u0151mester szerint&#8230;.(by Fenegyerek P\u00e1linka)<\/p>\n\n\n\n<div class=\"wp-block-image\"><figure class=\"aligncenter is-resized\"><a href=\"https:\/\/i1.wp.com\/3.bp.blogspot.com\/-SsfMnEkE0TY\/V2fZq4AqE5I\/AAAAAAAAEu4\/ZWcvtpPQlow2qtEGH5BEEA40NbAL0as3QCLcB\/s1600\/D%25C3%25ADszvir%25C3%25A1g%2B01.jpg?ssl=1\"><img loading=\"lazy\" src=\"https:\/\/i0.wp.com\/3.bp.blogspot.com\/-SsfMnEkE0TY\/V2fZq4AqE5I\/AAAAAAAAEu4\/ZWcvtpPQlow2qtEGH5BEEA40NbAL0as3QCLcB\/s640\/D%25C3%25ADszvir%25C3%25A1g%2B01.jpg?resize=480%2C637&#038;ssl=1\" alt=\"\" width=\"480\" height=\"637\" data-recalc-dims=\"1\" \/><\/a><\/figure><\/div>\n\n\n\n<div class=\"wp-block-image\"><figure class=\"aligncenter\"><a href=\"https:\/\/i2.wp.com\/3.bp.blogspot.com\/-b9ShduAoyzI\/V2fZq0yx1LI\/AAAAAAAAEvA\/dj2bcUbeWXw7XS2TsOUZUpt_dB57qc65QCLcB\/s1600\/D%25C3%25ADszvir%25C3%25A1g%2B02.jpg?ssl=1\"><img src=\"https:\/\/i2.wp.com\/3.bp.blogspot.com\/-b9ShduAoyzI\/V2fZq0yx1LI\/AAAAAAAAEvA\/dj2bcUbeWXw7XS2TsOUZUpt_dB57qc65QCLcB\/s640\/D%25C3%25ADszvir%25C3%25A1g%2B02.jpg?w=640&#038;ssl=1\" alt=\"\" data-recalc-dims=\"1\"\/><\/a><\/figure><\/div>\n\n\n\n<div class=\"wp-block-image\"><figure class=\"aligncenter\"><a href=\"https:\/\/i2.wp.com\/2.bp.blogspot.com\/-ITzLJL4fyLA\/V2fZq3dMl4I\/AAAAAAAAEu8\/Z83RDil5hUw4PchEd4Hu0aYP8gqxxFivgCLcB\/s1600\/D%25C3%25ADszvir%25C3%25A1g%2B03.jpg?ssl=1\"><img src=\"https:\/\/i2.wp.com\/2.bp.blogspot.com\/-ITzLJL4fyLA\/V2fZq3dMl4I\/AAAAAAAAEu8\/Z83RDil5hUw4PchEd4Hu0aYP8gqxxFivgCLcB\/s640\/D%25C3%25ADszvir%25C3%25A1g%2B03.jpg?w=640&#038;ssl=1\" alt=\"\" data-recalc-dims=\"1\"\/><\/a><\/figure><\/div>\n\n\n\n<p>M\u00e1kvir\u00e1gok (Papver somniferum)<\/p>\n\n\n\n<div class=\"wp-block-image\"><figure class=\"aligncenter is-resized\"><a href=\"https:\/\/i0.wp.com\/3.bp.blogspot.com\/-K6cnsk8GhF4\/V2fa74QodqI\/AAAAAAAAEvM\/-TQcN1ZjGWYW7sMQutqp9Uj1yKnOgEQ5gCLcB\/s1600\/M%25C3%25A1kvir%25C3%25A1g%2B01.jpg?ssl=1\"><img loading=\"lazy\" src=\"https:\/\/i0.wp.com\/3.bp.blogspot.com\/-K6cnsk8GhF4\/V2fa74QodqI\/AAAAAAAAEvM\/-TQcN1ZjGWYW7sMQutqp9Uj1yKnOgEQ5gCLcB\/s640\/M%25C3%25A1kvir%25C3%25A1g%2B01.jpg?resize=480%2C636&#038;ssl=1\" alt=\"\" width=\"480\" height=\"636\" data-recalc-dims=\"1\" \/><\/a><\/figure><\/div>\n\n\n\n<div class=\"wp-block-image\"><figure class=\"aligncenter\"><a href=\"https:\/\/i1.wp.com\/4.bp.blogspot.com\/-BMZKjJmNzMY\/V2fa762a73I\/AAAAAAAAEvQ\/aigGMG5H2HI3YX1AeLqkFLtgfPMvAT6tgCLcB\/s1600\/M%25C3%25A1kvir%25C3%25A1g%2B02.jpg?ssl=1\"><img src=\"https:\/\/i0.wp.com\/4.bp.blogspot.com\/-BMZKjJmNzMY\/V2fa762a73I\/AAAAAAAAEvQ\/aigGMG5H2HI3YX1AeLqkFLtgfPMvAT6tgCLcB\/s640\/M%25C3%25A1kvir%25C3%25A1g%2B02.jpg?w=640&#038;ssl=1\" alt=\"\" data-recalc-dims=\"1\"\/><\/a><\/figure><\/div>\n\n\n\n<p>\u00c9s a ny\u00e1ron is elmaradhatatlan r\u00f3zs\u00e1k:<\/p>\n\n\n\n<figure class=\"wp-block-image\"><a href=\"https:\/\/i2.wp.com\/2.bp.blogspot.com\/-OVbIo42VDUo\/V2fbMR48qPI\/AAAAAAAAEvc\/c5_RsME8dSAgl1sr0xCi9npOnfF2DFngwCLcB\/s1600\/R%25C3%25B3zs%25C3%25A1k%2B02.jpg?ssl=1\"><img src=\"https:\/\/i2.wp.com\/2.bp.blogspot.com\/-OVbIo42VDUo\/V2fbMR48qPI\/AAAAAAAAEvc\/c5_RsME8dSAgl1sr0xCi9npOnfF2DFngwCLcB\/s640\/R%25C3%25B3zs%25C3%25A1k%2B02.jpg?w=640&#038;ssl=1\" alt=\"\" data-recalc-dims=\"1\"\/><\/a><\/figure>\n<!-- AddThis Advanced Settings generic via filter on the_content --><!-- AddThis Share Buttons generic via filter on the_content -->","protected":false},"excerpt":{"rendered":"<p>A ny\u00e1r kezdet\u00e9n m\u00e1r mindenfel\u00e9 virul a vadvir\u00e1gos tarka r\u00e9t. P\u00e9ld\u00e1ul tele pipacsokkal &#8211; ahogy [&hellip;]<!-- AddThis Advanced Settings generic via filter on get_the_excerpt --><!-- AddThis Share Buttons generic via filter on get_the_excerpt --><\/p>\n","protected":false},"author":2,"featured_media":1810,"comment_status":"closed","ping_status":"closed","sticky":false,"template":"","format":"standard","meta":{"spay_email":"","jetpack_publicize_message":"","jetpack_is_tweetstorm":false},"categories":[64],"tags":[],"jetpack_featured_media_url":"https:\/\/i2.wp.com\/www.szabokertepito.hu\/tunderkertek\/wp-content\/uploads\/2019\/04\/Pipacsok-02.jpg?fit=640%2C480&ssl=1","jetpack_publicize_connections":[],"jetpack_sharing_enabled":false,"jetpack_shortlink":"https:\/\/wp.me\/paQIIV-tb","jetpack-related-posts":[{"id":1949,"url":"https:\/\/www.szabokertepito.hu\/tunderkertek\/idealis-kerti-munka-nyaron\/","url_meta":{"origin":1809,"position":0},"title":"Ide\u00e1lis kerti munka ny\u00e1ron","date":"2018.08.09.","format":false,"excerpt":"Si\u00f3fok, a kerti d\u00edszt\u00f3ba extra m\u00e9ret\u0171 tavir\u00f3zs\u00e1k (Nymphaea sp.) ker\u00fcltek telep\u00edt\u00e9sre, valamint egy mineraliz\u00e1ci\u00f3s k\u00e9sz\u00fcl\u00e9k (Velda-I-Tronic IT-015), amely a sz\u00e1lasalg\u00e1k fejl\u0151d\u00e9s\u00e9t akad\u00e1lyozz\u00e1k.","rel":"","context":"In &quot;Kert \u00e1t\u00e9p\u00edt\u00e9s&quot;","img":{"alt_text":"","src":"https:\/\/i0.wp.com\/www.szabokertepito.hu\/tunderkertek\/wp-content\/uploads\/2019\/04\/Ide\u00e1lis-kerti-munka-ny\u00e1ron-02.jpg?fit=640%2C480&ssl=1&resize=350%2C200","width":350,"height":200},"classes":[]},{"id":1815,"url":"https:\/\/www.szabokertepito.hu\/tunderkertek\/nyari-kertek\/","url_meta":{"origin":1809,"position":1},"title":"Ny\u00e1ri kertek","date":"2016.06.22.","format":false,"excerpt":"Balatonalm\u00e1di\u00a0- a tavaly k\u00e9sz\u00fclt el\u0151kert id\u00e9n ny\u00e1rra m\u00e1r d\u00fas vir\u00e1g\u00fa, romantikus kertt\u00e9 \u00e9rett. Zam\u00e1rdi\u00a0- k\u00f6nny\u0171 dolgom van \u00e1tn\u00e9zni a kerteket, hiszen k\u00f6zel vannak. Ez egy minimalista h\u00e1z k\u00e9t \u00e9ves kertje. Tavaly k\u00e9sz\u00fclt kicsi kert. Gazd\u00e1i az orsz\u00e1g m\u00e1sik v\u00e9g\u00e9b\u0151l l\u00e1togatj\u00e1k hetente. Nem csoda, hiszen a Balaton, a kil\u00e1t\u00e1s \u00e9s a\u2026","rel":"","context":"In &quot;Kertt\u00f6rt\u00e9netek&quot;","img":{"alt_text":"","src":"https:\/\/i0.wp.com\/www.szabokertepito.hu\/tunderkertek\/wp-content\/uploads\/2019\/04\/El\u0151kert-02.jpg?fit=640%2C480&ssl=1&resize=350%2C200","width":350,"height":200},"classes":[]},{"id":1100,"url":"https:\/\/www.szabokertepito.hu\/tunderkertek\/nacionalen-park-galicia\/","url_meta":{"origin":1809,"position":2},"title":"Nacionalen Park Galicia","date":"2018.07.27.","format":false,"excerpt":"T\u00fara a Magaro cs\u00facsra (2255 m)... 850 m\u00e9ter szintk\u00fcl\u00f6nbs\u00e9ggel, felejthetetlen panor\u00e1m\u00e1val. Nacionalen Park Galicia Ny\u00e1ri vir\u00e1g\u00f6z\u00f6n a hegyekben. N\u00e9melyik\u00fck n\u00e1lunk csak tavasszal vir\u00e1gzik. Zan\u00f3t (Cytisus sp.) Kakukkf\u0171 (Thymus sp.) - sziklakerti v\u00e1ltozat... Kakukkf\u0171 (Thymus sp.) Kankalin (Primula sp.) - ny\u00e1ron Mezei \u00e1rv\u00e1cska (Viola arvensis) - ny\u00e1ron Nefelejcs (Myosotis sp.) -\u2026","rel":"","context":"In &quot;Maced\u00f3nia&quot;","img":{"alt_text":"","src":"https:\/\/i1.wp.com\/www.szabokertepito.hu\/tunderkertek\/wp-content\/uploads\/2019\/04\/Magaro-02.jpg?fit=640%2C480&ssl=1&resize=350%2C200","width":350,"height":200},"classes":[]},{"id":1829,"url":"https:\/\/www.szabokertepito.hu\/tunderkertek\/nyar-kertek-viragok\/","url_meta":{"origin":1809,"position":3},"title":"Ny\u00e1r, kertek, vir\u00e1gok","date":"2016.07.29.","format":false,"excerpt":"Miel\u0151tt elmegy\u00fcnk egy r\u00e9gebben k\u00e9sz\u00fclt kertet megn\u00e9zni, hogyan alakul, milyenek a n\u00f6v\u00e9nyek, minden rendben van, mindig felkel a nap. Itt a Balatonn\u00e1l ilyen a napfelkete Si\u00f3fokon. El\u0151sz\u00f6r az IL Mercato \u00e9tterem kertj\u00e9t l\u00e1togattuk meg, Balatonakaratty\u00e1n. A kerti t\u00f3 4 \u00e9ve k\u00e9sz\u00fclt, a cs\u00f3nak 2 \u00e9ve ring a partj\u00e1n. Piros vir\u00e1g\u00fa\u2026","rel":"","context":"In &quot;Kertt\u00f6rt\u00e9netek&quot;","img":{"alt_text":"","src":"https:\/\/i2.wp.com\/www.szabokertepito.hu\/tunderkertek\/wp-content\/uploads\/2019\/04\/Si\u00f3fok_napkelte_01.jpg?fit=640%2C480&ssl=1&resize=350%2C200","width":350,"height":200},"classes":[]},{"id":1500,"url":"https:\/\/www.szabokertepito.hu\/tunderkertek\/apuai-alpok\/","url_meta":{"origin":1809,"position":4},"title":"Apuai Alpok","date":"2015.07.07.","format":false,"excerpt":"A minden\u00fctt legyen term\u00e9szet szerelmeseinek. Vir\u00e1gok \u00fat k\u00f6zben: Bar\u00e1tcserje\u00a0(Vitex agnus-castum) ny\u00e1ron hosszan vir\u00e1gz\u00f3 illatos cserje. Kev\u00e9sb\u00e9 ismert n\u00e1lunk, pedig j\u00f3l t\u00e9l\u00e1ll\u00f3 gyorsan n\u00f6v\u0151 bokor. Hortenzi\u00e1k\u00a0( Hydrangea macrophylla Az Apuai Alpok: Saint Viviano sziklatemploma Pihen\u0151 a templom mellett Zan\u00f3t\u00a0(Cytissus praecox) pillang\u00f3s vir\u00e1g\u00fa k\u00fcl\u00f6nleges kin\u00e9zet\u0171 lombj\u00e1val vir\u00e1gz\u00e1son k\u00edv\u00fcl is \u00e9rdekes alacsony cserje.\u2026","rel":"","context":"In &quot;Olaszorsz\u00e1g&quot;","img":{"alt_text":"","src":"https:\/\/i2.wp.com\/www.szabokertepito.hu\/tunderkertek\/wp-content\/uploads\/2019\/04\/Apuai-Alpok-04.jpg?fit=640%2C480&ssl=1&resize=350%2C200","width":350,"height":200},"classes":[]},{"id":2815,"url":"https:\/\/www.szabokertepito.hu\/tunderkertek\/viragpompa-a-nyugat-kaukazusban\/","url_meta":{"origin":1809,"position":5},"title":"Vir\u00e1gpompa a Nyugat-Kauk\u00e1zusban","date":"2019.09.23.","format":false,"excerpt":"A n\u00e1lunk tavaszi \u00e9s ny\u00e1ri vir\u00e1gok \u00f6sszevir\u00e1gz\u00e1sa. Pipacs vir\u00e1gz\u00e1s a Kauk\u00e1zusban. Mediterr\u00e1n pipacs (Papaver pinnatifidum) nagyon l\u00e1tv\u00e1nyos a narancssz\u00edn\u0171 keresztet form\u00e1l\u00f3 vir\u00e1gaival ahogy vil\u00e1g\u00edt a sz\u00fcrke pal\u00e1s k\u0151zet k\u00f6z\u00fcl. A k\u00e9s\u0151n kezd\u0151d\u0151 tavasz miatt (j\u00fanius v\u00e9ge fel\u00e9) sokkal k\u00e9s\u0151bb vir\u00e1gzik mint n\u00e1lunk. Hegyvid\u00e9ki vir\u00e1gok verseng\u00e9se a beporz\u00e1s\u00e9rt, azaz a beporz\u00f3\u2026","rel":"","context":"In &quot;Gr\u00fazia&quot;","img":{"alt_text":"","src":"https:\/\/i1.wp.com\/www.szabokertepito.hu\/tunderkertek\/wp-content\/uploads\/2019\/09\/Kauk\u00e1zus-vir\u00e1gok-04.jpg?fit=960%2C720&ssl=1&resize=350%2C200","width":350,"height":200},"classes":[]}],"_links":{"self":[{"href":"https:\/\/www.szabokertepito.hu\/tunderkertek\/wp-json\/wp\/v2\/posts\/1809"}],"collection":[{"href":"https:\/\/www.szabokertepito.hu\/tunderkertek\/wp-json\/wp\/v2\/posts"}],"about":[{"href":"https:\/\/www.szabokertepito.hu\/tunderkertek\/wp-json\/wp\/v2\/types\/post"}],"author":[{"embeddable":true,"href":"https:\/\/www.szabokertepito.hu\/tunderkertek\/wp-json\/wp\/v2\/users\/2"}],"replies":[{"embeddable":true,"href":"https:\/\/www.szabokertepito.hu\/tunderkertek\/wp-json\/wp\/v2\/comments?post=1809"}],"version-history":[{"count":1,"href":"https:\/\/www.szabokertepito.hu\/tunderkertek\/wp-json\/wp\/v2\/posts\/1809\/revisions"}],"predecessor-version":[{"id":1811,"href":"https:\/\/www.szabokertepito.hu\/tunderkertek\/wp-json\/wp\/v2\/posts\/1809\/revisions\/1811"}],"wp:featuredmedia":[{"embeddable":true,"href":"https:\/\/www.szabokertepito.hu\/tunderkertek\/wp-json\/wp\/v2\/media\/1810"}],"wp:attachment":[{"href":"https:\/\/www.szabokertepito.hu\/tunderkertek\/wp-json\/wp\/v2\/media?parent=1809"}],"wp:term":[{"taxonomy":"category","embeddable":true,"href":"https:\/\/www.szabokertepito.hu\/tunderkertek\/wp-json\/wp\/v2\/categories?post=1809"},{"taxonomy":"post_tag","embeddable":true,"href":"https:\/\/www.szabokertepito.hu\/tunderkertek\/wp-json\/wp\/v2\/tags?post=1809"}],"curies":[{"name":"wp","href":"https:\/\/api.w.org\/{rel}","templated":true}]}}