{"id":1461,"date":"2015-06-24T23:34:54","date_gmt":"2015-06-24T21:34:54","guid":{"rendered":"https:\/\/www.szabokertepito.hu\/tunderkertek\/?p=1461"},"modified":"2019-04-22T09:55:27","modified_gmt":"2019-04-22T07:55:27","slug":"szep-fak-szekesfehervarott","status":"publish","type":"post","link":"https:\/\/www.szabokertepito.hu\/tunderkertek\/szep-fak-szekesfehervarott\/","title":{"rendered":"Sz\u00e9p f\u00e1k Sz\u00e9kesfeh\u00e9rv\u00e1rott"},"content":{"rendered":"\n<p>Egy \u00f3ri\u00e1s Sz\u00e9kesfeh\u00e9rv\u00e1r belv\u00e1ros\u00e1ban, kora 150 \u00e9v k\u00f6r\u00fcli lehet. Juharlevel\u0171 plat\u00e1n (Platanus hispanica syn. acerifolia)<\/p>\n\n\n\n<!--more-->\n\n\n\n<div class=\"wp-block-image\"><figure class=\"aligncenter\"><a href=\"https:\/\/i2.wp.com\/1.bp.blogspot.com\/-olWhMffNuUk\/VYseKrcxqoI\/AAAAAAAABJE\/qqGHoLorYPQ\/s1600\/Sz%25C3%25A9kesfeh%25C3%25A9rv%25C3%25A1r%252C%2B150%2B%25C3%25A9ves%2Bjuharlevel%25C5%25B1%2Bplat%25C3%25A0n%2B%2528Platanus%2Bhispanica%2Bsyn.%2Bacerifolia%2529%2B02.jpg?ssl=1\"><img src=\"https:\/\/i2.wp.com\/1.bp.blogspot.com\/-olWhMffNuUk\/VYseKrcxqoI\/AAAAAAAABJE\/qqGHoLorYPQ\/s640\/Sz%25C3%25A9kesfeh%25C3%25A9rv%25C3%25A1r%252C%2B150%2B%25C3%25A9ves%2Bjuharlevel%25C5%25B1%2Bplat%25C3%25A0n%2B%2528Platanus%2Bhispanica%2Bsyn.%2Bacerifolia%2529%2B02.jpg?w=640&#038;ssl=1\" alt=\"\" data-recalc-dims=\"1\"\/><\/a><\/figure><\/div>\n\n\n\n<div class=\"wp-block-image\"><figure class=\"aligncenter\"><a href=\"https:\/\/i0.wp.com\/2.bp.blogspot.com\/-Mbi3jBTLKIU\/VYseKoPnmyI\/AAAAAAAABJI\/bDIb1HYcO_Q\/s1600\/Sz%25C3%25A9kesfeh%25C3%25A9rv%25C3%25A1r%252C%2B150%2B%25C3%25A9ves%2Bjuharlevel%25C5%25B1%2Bplat%25C3%25A0n%2B%2528Platanus%2Bhispanica%2Bsyn.%2Bacerifolia%2529%2B03.jpg?ssl=1\"><img src=\"https:\/\/i1.wp.com\/2.bp.blogspot.com\/-Mbi3jBTLKIU\/VYseKoPnmyI\/AAAAAAAABJI\/bDIb1HYcO_Q\/s640\/Sz%25C3%25A9kesfeh%25C3%25A9rv%25C3%25A1r%252C%2B150%2B%25C3%25A9ves%2Bjuharlevel%25C5%25B1%2Bplat%25C3%25A0n%2B%2528Platanus%2Bhispanica%2Bsyn.%2Bacerifolia%2529%2B03.jpg?w=640&#038;ssl=1\" alt=\"\" data-recalc-dims=\"1\"\/><\/a><\/figure><\/div>\n\n\n\n<p>Himal\u00e1jai c\u00e9drus (Cedrus deodara). Nagyobb n\u00f6v\u00e9nyk\u00e9nt \u00fcltetve j\u00f3l viseli a kl\u00edm\u00e1nkat. Rendk\u00edv\u00fcl dekorat\u00edv feny\u0151f\u00e9le, egyedi hangulatot k\u00e9pes adni a k\u00f6rnyezet\u00e9nek.<\/p>\n\n\n\n<div class=\"wp-block-image\"><figure class=\"aligncenter\"><a href=\"https:\/\/i0.wp.com\/4.bp.blogspot.com\/-GpW1PTlUGtw\/VYsh4EQcwyI\/AAAAAAAABJY\/rMGTmUUYbBY\/s1600\/Sz%25C3%25A9kesfeh%25C3%25A9rv%25C3%25A1r%252C%2BHimal%25C3%25A1jai%2Bc%25C3%25A9drus%2B%2528Cedrus%2Bdeodara%2529%2B01.jpg?ssl=1\"><img src=\"https:\/\/i0.wp.com\/4.bp.blogspot.com\/-GpW1PTlUGtw\/VYsh4EQcwyI\/AAAAAAAABJY\/rMGTmUUYbBY\/s640\/Sz%25C3%25A9kesfeh%25C3%25A9rv%25C3%25A1r%252C%2BHimal%25C3%25A1jai%2Bc%25C3%25A9drus%2B%2528Cedrus%2Bdeodara%2529%2B01.jpg?w=640&#038;ssl=1\" alt=\"\" data-recalc-dims=\"1\"\/><\/a><\/figure><\/div>\n\n\n\n<figure class=\"wp-block-image\"><a href=\"https:\/\/i1.wp.com\/2.bp.blogspot.com\/-IWW4W3bK-jg\/VYsh3wo66MI\/AAAAAAAABJQ\/BxM_AVPYwv4\/s1600\/Sz%25C3%25A9kesfeh%25C3%25A9rv%25C3%25A1r%252C%2BHimal%25C3%25A1jai%2Bc%25C3%25A9drus%2B%2528Cedrus%2Bdeodara%2529%2B02.jpg?ssl=1\"><img src=\"https:\/\/i0.wp.com\/2.bp.blogspot.com\/-IWW4W3bK-jg\/VYsh3wo66MI\/AAAAAAAABJQ\/BxM_AVPYwv4\/s640\/Sz%25C3%25A9kesfeh%25C3%25A9rv%25C3%25A1r%252C%2BHimal%25C3%25A1jai%2Bc%25C3%25A9drus%2B%2528Cedrus%2Bdeodara%2529%2B02.jpg?w=640&#038;ssl=1\" alt=\"\" data-recalc-dims=\"1\"\/><\/a><\/figure>\n\n\n\n<figure class=\"wp-block-image\"><a href=\"https:\/\/i2.wp.com\/3.bp.blogspot.com\/-Df8QT4D2b3A\/VYsh4MlYDCI\/AAAAAAAABJU\/kZQVPtCDZMY\/s1600\/Sz%25C3%25A9kesfeh%25C3%25A9rv%25C3%25A1r%252C%2BHimal%25C3%25A1jai%2Bc%25C3%25A9drus%2B%2528Cedrus%2Bdeodara%2529%2B03.jpg?ssl=1\"><img src=\"https:\/\/i0.wp.com\/3.bp.blogspot.com\/-Df8QT4D2b3A\/VYsh4MlYDCI\/AAAAAAAABJU\/kZQVPtCDZMY\/s640\/Sz%25C3%25A9kesfeh%25C3%25A9rv%25C3%25A1r%252C%2BHimal%25C3%25A1jai%2Bc%25C3%25A9drus%2B%2528Cedrus%2Bdeodara%2529%2B03.jpg?w=640&#038;ssl=1\" alt=\"\" data-recalc-dims=\"1\"\/><\/a><\/figure>\n<!-- AddThis Advanced Settings generic via filter on the_content --><!-- AddThis Share Buttons generic via filter on the_content -->","protected":false},"excerpt":{"rendered":"<p>Egy \u00f3ri\u00e1s Sz\u00e9kesfeh\u00e9rv\u00e1r belv\u00e1ros\u00e1ban, kora 150 \u00e9v k\u00f6r\u00fcli lehet. Juharlevel\u0171 plat\u00e1n (Platanus hispanica syn. acerifolia)<!-- AddThis Advanced Settings generic via filter on get_the_excerpt --><!-- AddThis Share Buttons generic via filter on get_the_excerpt --><\/p>\n","protected":false},"author":2,"featured_media":1462,"comment_status":"closed","ping_status":"closed","sticky":false,"template":"","format":"standard","meta":{"spay_email":"","jetpack_publicize_message":"","jetpack_is_tweetstorm":false},"categories":[48,35],"tags":[],"jetpack_featured_media_url":"https:\/\/i0.wp.com\/www.szabokertepito.hu\/tunderkertek\/wp-content\/uploads\/2019\/04\/Sz\u00e9kesfeh\u00e9rv\u00e1r-150-\u00e9ves-juharlevel\u0171-plat\u00e0n-Platanus-hispanica-syn.-acerifolia-01.jpg?fit=640%2C480&ssl=1","jetpack_publicize_connections":[],"jetpack_sharing_enabled":false,"jetpack_shortlink":"https:\/\/wp.me\/paQIIV-nz","jetpack-related-posts":[],"_links":{"self":[{"href":"https:\/\/www.szabokertepito.hu\/tunderkertek\/wp-json\/wp\/v2\/posts\/1461"}],"collection":[{"href":"https:\/\/www.szabokertepito.hu\/tunderkertek\/wp-json\/wp\/v2\/posts"}],"about":[{"href":"https:\/\/www.szabokertepito.hu\/tunderkertek\/wp-json\/wp\/v2\/types\/post"}],"author":[{"embeddable":true,"href":"https:\/\/www.szabokertepito.hu\/tunderkertek\/wp-json\/wp\/v2\/users\/2"}],"replies":[{"embeddable":true,"href":"https:\/\/www.szabokertepito.hu\/tunderkertek\/wp-json\/wp\/v2\/comments?post=1461"}],"version-history":[{"count":1,"href":"https:\/\/www.szabokertepito.hu\/tunderkertek\/wp-json\/wp\/v2\/posts\/1461\/revisions"}],"predecessor-version":[{"id":1463,"href":"https:\/\/www.szabokertepito.hu\/tunderkertek\/wp-json\/wp\/v2\/posts\/1461\/revisions\/1463"}],"wp:featuredmedia":[{"embeddable":true,"href":"https:\/\/www.szabokertepito.hu\/tunderkertek\/wp-json\/wp\/v2\/media\/1462"}],"wp:attachment":[{"href":"https:\/\/www.szabokertepito.hu\/tunderkertek\/wp-json\/wp\/v2\/media?parent=1461"}],"wp:term":[{"taxonomy":"category","embeddable":true,"href":"https:\/\/www.szabokertepito.hu\/tunderkertek\/wp-json\/wp\/v2\/categories?post=1461"},{"taxonomy":"post_tag","embeddable":true,"href":"https:\/\/www.szabokertepito.hu\/tunderkertek\/wp-json\/wp\/v2\/tags?post=1461"}],"curies":[{"name":"wp","href":"https:\/\/api.w.org\/{rel}","templated":true}]}}