{"id":1243,"date":"2015-05-10T02:05:16","date_gmt":"2015-05-10T00:05:16","guid":{"rendered":"https:\/\/www.szabokertepito.hu\/tunderkertek\/?p=1243"},"modified":"2019-04-22T17:01:28","modified_gmt":"2019-04-22T15:01:28","slug":"kihivas","status":"publish","type":"post","link":"https:\/\/www.szabokertepito.hu\/tunderkertek\/kihivas\/","title":{"rendered":"Kih\u00edv\u00e1s"},"content":{"rendered":"\n<p>Eljutottunk v\u00e9gre od\u00e1ig, hogy egy kert elk\u00e9sz\u00fcl\u00e9s\u00e9t az els\u0151 felm\u00e9r\u00e9st\u0151l k\u00f6vethess\u00e9k olvas\u00f3ink. Az els\u0151 ilyen kert Balatonakaratty\u00e1n k\u00e9sz\u00fcl. Az indul\u00e1skor gy\u00f6ny\u00f6r\u0171 terepadotts\u00e1gok teszik izgalmasabb\u00e1 a feladatot.<\/p>\n\n\n\n<!--more-->\n\n\n\n<figure class=\"wp-block-image is-resized\"><a href=\"https:\/\/i0.wp.com\/2.bp.blogspot.com\/-NOd3WEmKKj8\/VU6fo250RoI\/AAAAAAAAOe0\/vLioNOeFuWY\/s1600\/Terep-01.jpg?ssl=1\"><img loading=\"lazy\" src=\"https:\/\/i2.wp.com\/2.bp.blogspot.com\/-NOd3WEmKKj8\/VU6fo250RoI\/AAAAAAAAOe0\/vLioNOeFuWY\/s640\/Terep-01.jpg?resize=579%2C436&#038;ssl=1\" alt=\"\" width=\"579\" height=\"436\" data-recalc-dims=\"1\" \/><\/a><\/figure>\n\n\n\n<figure class=\"wp-block-image\"><a href=\"https:\/\/i1.wp.com\/4.bp.blogspot.com\/-AOWnHEmSy2E\/VU6fo-QnmMI\/AAAAAAAAOe4\/9B25GV-Kic0\/s1600\/Terep-02.jpg?ssl=1\"><img src=\"https:\/\/i2.wp.com\/4.bp.blogspot.com\/-AOWnHEmSy2E\/VU6fo-QnmMI\/AAAAAAAAOe4\/9B25GV-Kic0\/s640\/Terep-02.jpg?w=640&#038;ssl=1\" alt=\"\" data-recalc-dims=\"1\"\/><\/a><\/figure>\n<!-- AddThis Advanced Settings generic via filter on the_content --><!-- AddThis Share Buttons generic via filter on the_content -->","protected":false},"excerpt":{"rendered":"<p>Eljutottunk v\u00e9gre od\u00e1ig, hogy egy kert elk\u00e9sz\u00fcl\u00e9s\u00e9t az els\u0151 felm\u00e9r\u00e9st\u0151l k\u00f6vethess\u00e9k olvas\u00f3ink. Az els\u0151 ilyen [&hellip;]<!-- AddThis Advanced Settings generic via filter on get_the_excerpt --><!-- AddThis Share Buttons generic via filter on get_the_excerpt --><\/p>\n","protected":false},"author":2,"featured_media":1244,"comment_status":"closed","ping_status":"closed","sticky":false,"template":"","format":"standard","meta":{"spay_email":"","jetpack_publicize_message":"","jetpack_is_tweetstorm":false},"categories":[61,59,62,53],"tags":[],"jetpack_featured_media_url":"https:\/\/i2.wp.com\/www.szabokertepito.hu\/tunderkertek\/wp-content\/uploads\/2019\/04\/Terep-03.jpg?fit=640%2C480&ssl=1","jetpack_publicize_connections":[],"jetpack_sharing_enabled":false,"jetpack_shortlink":"https:\/\/wp.me\/saQIIV-kihivas","jetpack-related-posts":[{"id":1255,"url":"https:\/\/www.szabokertepito.hu\/tunderkertek\/szinesitjuk-a-balatonakarattyai-kertet\/","url_meta":{"origin":1243,"position":0},"title":"Sz\u00ednes\u00edtj\u00fck a balatonakarattyai kertet","date":"2015.05.16.","format":false,"excerpt":"Elj\u00f6tt az ideje az \u00e9rdekes terep\u0171 balatonakarattyai kert \u00e1talak\u00edt\u00e1s\u00e1nak. Sz\u00ednes\u00edtj\u00fck, v\u00e1ltozatoss\u00e1 tessz\u00fck \u00faj n\u00f6v\u00e9nyekkel. A szaknyelv ezt \u00fagy h\u00edvja: biodiverzit\u00e1s n\u00f6vel\u00e9se. Ha k\u00e9sz, az eg\u00e9sz folyamatot megn\u00e9zheti egy bemutat\u00f3 keret\u00e9ben.","rel":"","context":"In &quot;Balatonakarattya&quot;","img":{"alt_text":"","src":"https:\/\/i0.wp.com\/www.szabokertepito.hu\/tunderkertek\/wp-content\/uploads\/2019\/04\/Biodiverzit\u00e1s-05.jpg?fit=640%2C480&ssl=1&resize=350%2C200","width":350,"height":200},"classes":[]},{"id":1515,"url":"https:\/\/www.szabokertepito.hu\/tunderkertek\/balatonakarattyai-kert-mukodesben\/","url_meta":{"origin":1243,"position":1},"title":"Balatonakarattyai kert m\u0171k\u00f6d\u00e9sben","date":"2015.07.28.","format":false,"excerpt":"A kert gondoz\u00e1s\u00e1ra kaptunk felk\u00e9r\u00e9st. A feladat r\u00e9sze, hogy a kert ne csak sz\u00e9p, hanem hasznos \u00e9s \u00e9lhet\u0151 is legyen. \u00cdgy a vir\u00e1gok mell\u00e9 ker\u00fcltek z\u00f6lds\u00e9gek, gy\u00fcm\u00f6lcs\u00f6k, j\u00e1tsz\u00f3helyek, kerti s\u00fct\u00e9sre alkalmas hely egyar\u00e1nt. https:\/\/youtu.be\/9f8wH-hrT5w Lehet, van aki nem k\u00e9rt mag\u00e1nak ilyet sose, de szerintem b\u00e1rmelyik\u00fcnk sz\u00edvesen elfogadn\u00e1.","rel":"","context":"In &quot;Balatonakarattya&quot;","img":{"alt_text":"","src":"https:\/\/i0.wp.com\/www.szabokertepito.hu\/tunderkertek\/wp-content\/uploads\/2019\/04\/Aut\u00f3\u00e1rny\u00e9kol\u00f3-sz\u0151l\u0151lugas-01.jpg?fit=960%2C720&ssl=1&resize=350%2C200","width":350,"height":200},"classes":[]},{"id":1891,"url":"https:\/\/www.szabokertepito.hu\/tunderkertek\/novenypotlasok-kertfelujitasok-a-kemeny-tel-utan\/","url_meta":{"origin":1243,"position":2},"title":"N\u00f6v\u00e9nyp\u00f3tl\u00e1sok, kertfel\u00faj\u00edt\u00e1sok a kem\u00e9ny t\u00e9l ut\u00e1n","date":"2017.05.24.","format":false,"excerpt":"Sz\u00e9p\u00fcl a\u00a0Mala Garden Hotel&Restaurant\u00a0Si\u00f3fokon, k\u00edv\u00fcl \u00e9s bel\u00fcl is n\u00f6v\u00e9nyekkel. Bambusz csere a hotel teraszokon... kem\u00e9ny volt a t\u00e9l.. IL MERCATO by Spoon Restoaurant Balatonakarattya Az \u00e9tterem els\u0151 kertj\u00e9t 4 \u00e9ve k\u00e9sz\u00edtett\u00fck, fenntart\u00e1sukat az\u00f3ta is a Szab\u00f3 Kert\u00e9p\u00edt\u0151 v\u00e9gzi. Balatonalm\u00e1di, 4 \u00e9ve k\u00e9sz\u00fclt kert n\u00f6v\u00e9nyp\u00f3tl\u00e1sa.","rel":"","context":"In &quot;Kertgondoz\u00e1s, kertfenntart\u00e1s&quot;","img":{"alt_text":"","src":"https:\/\/i0.wp.com\/www.szabokertepito.hu\/tunderkertek\/wp-content\/uploads\/2019\/04\/N\u00f6v\u00e9nyes\u00edt\u00e9s-03.jpg?fit=960%2C720&ssl=1&resize=350%2C200","width":350,"height":200},"classes":[]},{"id":1684,"url":"https:\/\/www.szabokertepito.hu\/tunderkertek\/meg-izzik-az-osz-visszatekintek\/","url_meta":{"origin":1243,"position":3},"title":"M\u00e9g izzik az \u0151sz - visszatekintek","date":"2015.11.08.","format":false,"excerpt":"Si\u00f3fok Az els\u0151 kert\u00e9p\u00edt\u00e9s\u00fcnk is Si\u00f3fokon k\u00e9sz\u00fclt. A villakert 5 \u00e9ve ker\u00fclt \u00e1talak\u00edt\u00e1sra. Sz\u00e9pen \u00f6ssze\u00e9rtek a n\u00f6v\u00e9nyek. Magaspart Amikor elmegyek b\u00e1rhova ak\u00e1r felm\u00e9r\u00e9sre, ak\u00e1r kert\u00e9p\u00edt\u00e9si, kertgondoz\u00e1si munka miatt, sose tudom meg\u00e1llni, hogy ne f\u00e9nyk\u00e9pezzem le amit \u00fatk\u00f6zben l\u00e1tok. Ezek a f\u00e1k Balatonakaratty\u00e1n a Magasparton \u00e1llnak. Aki nem ismeri a k\u00f6rny\u00e9ket:\u2026","rel":"","context":"In &quot;Kertt\u00f6rt\u00e9netek&quot;","img":{"alt_text":"","src":"https:\/\/i1.wp.com\/www.szabokertepito.hu\/tunderkertek\/wp-content\/uploads\/2019\/04\/Si\u00f3fok-5\u00e9ves-01.jpg?fit=640%2C480&ssl=1&resize=350%2C200","width":350,"height":200},"classes":[]},{"id":1402,"url":"https:\/\/www.szabokertepito.hu\/tunderkertek\/milyen-lett-a-tavalyi-kert\/","url_meta":{"origin":1243,"position":4},"title":"Milyen lett a tavalyi kert?","date":"2015.06.15.","format":false,"excerpt":"Balatonakarattyai tavaly elk\u00e9sz\u00fclt kert, mediterr\u00e1nos gondolatok ment\u00e9n...","rel":"","context":"In &quot;Kertt\u00f6rt\u00e9netek&quot;","img":{"alt_text":"","src":"https:\/\/i1.wp.com\/www.szabokertepito.hu\/tunderkertek\/wp-content\/uploads\/2019\/04\/Mediterr\u00e1nos-1\u00e9ves-01.jpg?fit=640%2C480&ssl=1&resize=350%2C200","width":350,"height":200},"classes":[]},{"id":1952,"url":"https:\/\/www.szabokertepito.hu\/tunderkertek\/kilatas-tetokrol\/","url_meta":{"origin":1243,"position":5},"title":"Kil\u00e1t\u00e1s tet\u0151kr\u0151l","date":"2018.08.09.","format":false,"excerpt":"\u00c9g \u00e9s f\u00f6ld k\u00f6z\u00f6tt... z\u00f6ldtet\u0151 \u00e9s minimalista lapostet\u0151 Balatonakaratty\u00e1n elk\u00e9sz\u00fclt kertben... Ha m\u00e1r ott voltunk \u00fajragondoltuk a kertet...","rel":"","context":"In &quot;Kertt\u00f6rt\u00e9netek&quot;","img":{"alt_text":"","src":"https:\/\/i0.wp.com\/www.szabokertepito.hu\/tunderkertek\/wp-content\/uploads\/2019\/04\/Kil\u00e1t\u00e1s-a-tet\u0151r\u0151l-03.jpg?fit=640%2C480&ssl=1&resize=350%2C200","width":350,"height":200},"classes":[]}],"_links":{"self":[{"href":"https:\/\/www.szabokertepito.hu\/tunderkertek\/wp-json\/wp\/v2\/posts\/1243"}],"collection":[{"href":"https:\/\/www.szabokertepito.hu\/tunderkertek\/wp-json\/wp\/v2\/posts"}],"about":[{"href":"https:\/\/www.szabokertepito.hu\/tunderkertek\/wp-json\/wp\/v2\/types\/post"}],"author":[{"embeddable":true,"href":"https:\/\/www.szabokertepito.hu\/tunderkertek\/wp-json\/wp\/v2\/users\/2"}],"replies":[{"embeddable":true,"href":"https:\/\/www.szabokertepito.hu\/tunderkertek\/wp-json\/wp\/v2\/comments?post=1243"}],"version-history":[{"count":1,"href":"https:\/\/www.szabokertepito.hu\/tunderkertek\/wp-json\/wp\/v2\/posts\/1243\/revisions"}],"predecessor-version":[{"id":1245,"href":"https:\/\/www.szabokertepito.hu\/tunderkertek\/wp-json\/wp\/v2\/posts\/1243\/revisions\/1245"}],"wp:featuredmedia":[{"embeddable":true,"href":"https:\/\/www.szabokertepito.hu\/tunderkertek\/wp-json\/wp\/v2\/media\/1244"}],"wp:attachment":[{"href":"https:\/\/www.szabokertepito.hu\/tunderkertek\/wp-json\/wp\/v2\/media?parent=1243"}],"wp:term":[{"taxonomy":"category","embeddable":true,"href":"https:\/\/www.szabokertepito.hu\/tunderkertek\/wp-json\/wp\/v2\/categories?post=1243"},{"taxonomy":"post_tag","embeddable":true,"href":"https:\/\/www.szabokertepito.hu\/tunderkertek\/wp-json\/wp\/v2\/tags?post=1243"}],"curies":[{"name":"wp","href":"https:\/\/api.w.org\/{rel}","templated":true}]}}