{"id":1232,"date":"2015-05-08T20:38:35","date_gmt":"2015-05-08T18:38:35","guid":{"rendered":"https:\/\/www.szabokertepito.hu\/tunderkertek\/?p=1232"},"modified":"2019-04-19T21:14:09","modified_gmt":"2019-04-19T19:14:09","slug":"visszatekintes-balatonalmadi","status":"publish","type":"post","link":"https:\/\/www.szabokertepito.hu\/tunderkertek\/visszatekintes-balatonalmadi\/","title":{"rendered":"Visszatekint\u00e9s Balatonalm\u00e1di"},"content":{"rendered":"\n<p>K\u00e9t \u00e9ves egy kert\u00fcnk Balatonalm\u00e1diban. Amikor k\u00e9szen lett \u00e9s amikor a n\u00f6v\u00e9nyek m\u00e1r belakt\u00e1k a hely\u00fcket.<\/p>\n\n\n\n<!--more-->\n\n\n\n<figure class=\"wp-block-image\"><a href=\"https:\/\/i0.wp.com\/2.bp.blogspot.com\/-uuK_6Rk3fAs\/VU0BtQTpwmI\/AAAAAAAAOXU\/0sroC4iQ3OI\/s1600\/CAM01752.jpg?ssl=1\"><img src=\"https:\/\/i1.wp.com\/2.bp.blogspot.com\/-uuK_6Rk3fAs\/VU0BtQTpwmI\/AAAAAAAAOXU\/0sroC4iQ3OI\/s640\/CAM01752.jpg?w=640&#038;ssl=1\" alt=\"\" data-recalc-dims=\"1\"\/><\/a><\/figure>\n\n\n\n<figure class=\"wp-block-image\"><a href=\"https:\/\/i1.wp.com\/4.bp.blogspot.com\/-7sP5HTY79LE\/VU0Bsy1jGxI\/AAAAAAAAOXQ\/C2D4y5SOoaE\/s1600\/K%C3%A9t-%C3%A9vvel-k%C3%A9s%C5%91bb-1.jpg?ssl=1\"><img src=\"https:\/\/i1.wp.com\/4.bp.blogspot.com\/-7sP5HTY79LE\/VU0Bsy1jGxI\/AAAAAAAAOXQ\/C2D4y5SOoaE\/s640\/K%C3%A9t-%C3%A9vvel-k%C3%A9s%C5%91bb-1.jpg?w=640&#038;ssl=1\" alt=\"\" data-recalc-dims=\"1\"\/><\/a><\/figure>\n\n\n\n<figure class=\"wp-block-image\"><a href=\"https:\/\/i0.wp.com\/1.bp.blogspot.com\/-7XtJ6K_JCTo\/VU0BslXxrkI\/AAAAAAAAOXM\/oi34hUicKFo\/s1600\/K%C3%A9t-%C3%A9vvel-k%C3%A9s%C5%91bb-2.jpg?ssl=1\"><img src=\"https:\/\/i1.wp.com\/1.bp.blogspot.com\/-7XtJ6K_JCTo\/VU0BslXxrkI\/AAAAAAAAOXM\/oi34hUicKFo\/s640\/K%C3%A9t-%C3%A9vvel-k%C3%A9s%C5%91bb-2.jpg?w=640&#038;ssl=1\" alt=\"\" data-recalc-dims=\"1\"\/><\/a><\/figure>\n\n\n\n<p>Ebb\u0151l is l\u00e1tszik: a kert mindig olyan, mint egy var\u00e1zslat. Egyszercsak j\u00f6nnek az \u00e9vszakok \u00e9s sorra \u00e1trajzolj\u00e1k amit el\u00fcltett\u00fcnk. N\u00e9h\u00e1ny kert \u00e9p\u00edt\u00e9skori pillanatai az al\u00e1bbi gy\u0171jtem\u00e9nyben vannak:<\/p>\n\n\n\n<figure class=\"wp-block-embed-youtube wp-block-embed is-type-video is-provider-youtube wp-embed-aspect-4-3 wp-has-aspect-ratio\"><div class=\"wp-block-embed__wrapper\">\n<span class=\"embed-youtube\" style=\"text-align:center; display: block;\"><iframe class='youtube-player' width='640' height='360' src='https:\/\/www.youtube.com\/embed\/xtNrvSEMUsU?version=3&#038;rel=1&#038;showsearch=0&#038;showinfo=1&#038;iv_load_policy=1&#038;fs=1&#038;hl=hu-HU&#038;autohide=2&#038;wmode=transparent' allowfullscreen='true' style='border:0;' sandbox='allow-scripts allow-same-origin allow-popups allow-presentation'><\/iframe><\/span>\n<\/div><\/figure>\n\n\n\n<p>Id\u0151vel mindegyik\u00fck el\u0151ker\u00fcl majd, hogy megn\u00e9zhess\u00fck milyenek lettek v\u00e9g\u00fcl.<\/p>\n\n\n\n<p><\/p>\n<!-- AddThis Advanced Settings generic via filter on the_content --><!-- AddThis Share Buttons generic via filter on the_content -->","protected":false},"excerpt":{"rendered":"<p>K\u00e9t \u00e9ves egy kert\u00fcnk Balatonalm\u00e1diban. Amikor k\u00e9szen lett \u00e9s amikor a n\u00f6v\u00e9nyek m\u00e1r belakt\u00e1k a [&hellip;]<!-- AddThis Advanced Settings generic via filter on get_the_excerpt --><!-- AddThis Share Buttons generic via filter on get_the_excerpt --><\/p>\n","protected":false},"author":2,"featured_media":1234,"comment_status":"closed","ping_status":"closed","sticky":false,"template":"","format":"standard","meta":{"spay_email":"","jetpack_publicize_message":"","jetpack_is_tweetstorm":false},"categories":[58,53],"tags":[],"jetpack_featured_media_url":"https:\/\/i2.wp.com\/www.szabokertepito.hu\/tunderkertek\/wp-content\/uploads\/2019\/04\/K\u00e9t-\u00e9vvel-k\u00e9s\u0151bb-2.jpg?fit=960%2C720&ssl=1","jetpack_publicize_connections":[],"jetpack_sharing_enabled":false,"jetpack_shortlink":"https:\/\/wp.me\/paQIIV-jS","jetpack-related-posts":[{"id":1767,"url":"https:\/\/www.szabokertepito.hu\/tunderkertek\/kertek-visszatekinto\/","url_meta":{"origin":1232,"position":0},"title":"Kertek - visszatekint\u0151","date":"2016.04.24.","format":false,"excerpt":"Zam\u00e1rdi r\u00e9gi villa n\u00e9h\u00e1ny \u00e9ves nyaral\u00f3kertje... Balatonf\u00f6ldv\u00e1r J\u00e1de Panzi\u00f3 kertje tavaszra Lilaak\u00e1c (Wisteria floribunda 'Issai') a Jade panzi\u00f3 kertj\u00e9ben. Balatonalm\u00e1di v\u00f6r\u00f6sk\u0151padra sok-sok \u00e9ve \u00e9p\u00fclt kert\u00fcnk, pazar balatoni panor\u00e1m\u00e1val. Nagy sz\u00edvvir\u00e1g (Dicentra spectabilis), ilyenkor igaz\u00e1n felt\u0171n\u0151 jelens\u00e9g ez a t\u00e9lre teljesen visszah\u00faz\u00f3d\u00f3 l\u00e1gysz\u00e0r\u00fa \u00e9vel\u0151 vir\u00e1g a balatonalm\u00e1di kertben.","rel":"","context":"In &quot;Kertt\u00f6rt\u00e9netek&quot;","img":{"alt_text":"","src":"https:\/\/i1.wp.com\/www.szabokertepito.hu\/tunderkertek\/wp-content\/uploads\/2019\/04\/Zam\u00e1rdi-02.jpg?fit=640%2C480&ssl=1&resize=350%2C200","width":350,"height":200},"classes":[]},{"id":1891,"url":"https:\/\/www.szabokertepito.hu\/tunderkertek\/novenypotlasok-kertfelujitasok-a-kemeny-tel-utan\/","url_meta":{"origin":1232,"position":1},"title":"N\u00f6v\u00e9nyp\u00f3tl\u00e1sok, kertfel\u00faj\u00edt\u00e1sok a kem\u00e9ny t\u00e9l ut\u00e1n","date":"2017.05.24.","format":false,"excerpt":"Sz\u00e9p\u00fcl a\u00a0Mala Garden Hotel&Restaurant\u00a0Si\u00f3fokon, k\u00edv\u00fcl \u00e9s bel\u00fcl is n\u00f6v\u00e9nyekkel. Bambusz csere a hotel teraszokon... kem\u00e9ny volt a t\u00e9l.. IL MERCATO by Spoon Restoaurant Balatonakarattya Az \u00e9tterem els\u0151 kertj\u00e9t 4 \u00e9ve k\u00e9sz\u00edtett\u00fck, fenntart\u00e1sukat az\u00f3ta is a Szab\u00f3 Kert\u00e9p\u00edt\u0151 v\u00e9gzi. Balatonalm\u00e1di, 4 \u00e9ve k\u00e9sz\u00fclt kert n\u00f6v\u00e9nyp\u00f3tl\u00e1sa.","rel":"","context":"In &quot;Kertgondoz\u00e1s, kertfenntart\u00e1s&quot;","img":{"alt_text":"","src":"https:\/\/i0.wp.com\/www.szabokertepito.hu\/tunderkertek\/wp-content\/uploads\/2019\/04\/N\u00f6v\u00e9nyes\u00edt\u00e9s-03.jpg?fit=960%2C720&ssl=1&resize=350%2C200","width":350,"height":200},"classes":[]},{"id":1815,"url":"https:\/\/www.szabokertepito.hu\/tunderkertek\/nyari-kertek\/","url_meta":{"origin":1232,"position":2},"title":"Ny\u00e1ri kertek","date":"2016.06.22.","format":false,"excerpt":"Balatonalm\u00e1di\u00a0- a tavaly k\u00e9sz\u00fclt el\u0151kert id\u00e9n ny\u00e1rra m\u00e1r d\u00fas vir\u00e1g\u00fa, romantikus kertt\u00e9 \u00e9rett. Zam\u00e1rdi\u00a0- k\u00f6nny\u0171 dolgom van \u00e1tn\u00e9zni a kerteket, hiszen k\u00f6zel vannak. Ez egy minimalista h\u00e1z k\u00e9t \u00e9ves kertje. Tavaly k\u00e9sz\u00fclt kicsi kert. Gazd\u00e1i az orsz\u00e1g m\u00e1sik v\u00e9g\u00e9b\u0151l l\u00e1togatj\u00e1k hetente. Nem csoda, hiszen a Balaton, a kil\u00e1t\u00e1s \u00e9s a\u2026","rel":"","context":"In &quot;Kertt\u00f6rt\u00e9netek&quot;","img":{"alt_text":"","src":"https:\/\/i0.wp.com\/www.szabokertepito.hu\/tunderkertek\/wp-content\/uploads\/2019\/04\/El\u0151kert-02.jpg?fit=640%2C480&ssl=1&resize=350%2C200","width":350,"height":200},"classes":[]},{"id":1805,"url":"https:\/\/www.szabokertepito.hu\/tunderkertek\/kerttortenetek-nezzuk-meg-ma\/","url_meta":{"origin":1232,"position":3},"title":"Kertt\u00f6rt\u00e9netek: n\u00e9zz\u00fck meg ma!","date":"2016.06.07.","format":false,"excerpt":"Kezdj\u00fck otthon: irod\u00e1nk el\u0151kertje Egy 15 \u00e9ve \u00e9p\u00fclt kert n\u00e9h\u00e1ny r\u00e9szlete Egy r\u00e9gebben \u00e9p\u00fclt kert Si\u00f3fok-S\u00f3st\u00f3n Ez a kert gy\u00f6ny\u00f6r\u0171en \u00f6ssze\u00e9rett az elm\u00falt kilenc \u00e9v alatt. M\u00e1r nyolc \u00e9ve elk\u00e9sz\u00fclt. Mintha tegnap lett volna. \u00c1rnyas, romantikus kert lett h\u00e9t \u00e9ves kor\u00e1ra. A Nitroterv kertje ma. Ez a Balatonalm\u00e1diban l\u00e9v\u0151 kert\u2026","rel":"","context":"In &quot;Kertt\u00f6rt\u00e9netek&quot;","img":{"alt_text":"","src":"https:\/\/i2.wp.com\/www.szabokertepito.hu\/tunderkertek\/wp-content\/uploads\/2019\/04\/Szab\u00f3kert\u00e9p\u00edt\u0151-el\u0151kert-01.jpg?fit=640%2C479&ssl=1&resize=350%2C200","width":350,"height":200},"classes":[]}],"_links":{"self":[{"href":"https:\/\/www.szabokertepito.hu\/tunderkertek\/wp-json\/wp\/v2\/posts\/1232"}],"collection":[{"href":"https:\/\/www.szabokertepito.hu\/tunderkertek\/wp-json\/wp\/v2\/posts"}],"about":[{"href":"https:\/\/www.szabokertepito.hu\/tunderkertek\/wp-json\/wp\/v2\/types\/post"}],"author":[{"embeddable":true,"href":"https:\/\/www.szabokertepito.hu\/tunderkertek\/wp-json\/wp\/v2\/users\/2"}],"replies":[{"embeddable":true,"href":"https:\/\/www.szabokertepito.hu\/tunderkertek\/wp-json\/wp\/v2\/comments?post=1232"}],"version-history":[{"count":1,"href":"https:\/\/www.szabokertepito.hu\/tunderkertek\/wp-json\/wp\/v2\/posts\/1232\/revisions"}],"predecessor-version":[{"id":1235,"href":"https:\/\/www.szabokertepito.hu\/tunderkertek\/wp-json\/wp\/v2\/posts\/1232\/revisions\/1235"}],"wp:featuredmedia":[{"embeddable":true,"href":"https:\/\/www.szabokertepito.hu\/tunderkertek\/wp-json\/wp\/v2\/media\/1234"}],"wp:attachment":[{"href":"https:\/\/www.szabokertepito.hu\/tunderkertek\/wp-json\/wp\/v2\/media?parent=1232"}],"wp:term":[{"taxonomy":"category","embeddable":true,"href":"https:\/\/www.szabokertepito.hu\/tunderkertek\/wp-json\/wp\/v2\/categories?post=1232"},{"taxonomy":"post_tag","embeddable":true,"href":"https:\/\/www.szabokertepito.hu\/tunderkertek\/wp-json\/wp\/v2\/tags?post=1232"}],"curies":[{"name":"wp","href":"https:\/\/api.w.org\/{rel}","templated":true}]}}