{"id":1184,"date":"2014-03-21T09:00:34","date_gmt":"2014-03-21T08:00:34","guid":{"rendered":"https:\/\/www.szabokertepito.hu\/tunderkertek\/?p=1184"},"modified":"2019-04-19T17:19:30","modified_gmt":"2019-04-19T15:19:30","slug":"szelektiv-gyomirtas","status":"publish","type":"post","link":"https:\/\/www.szabokertepito.hu\/tunderkertek\/szelektiv-gyomirtas\/","title":{"rendered":"Szelekt\u00edv gyomirt\u00e1s"},"content":{"rendered":"\n<p>Sokan k\u00fczdenek udvarukban a gy\u00f6ny\u00f6r\u0171 gyepfel\u00fcletet elcs\u00faf\u00edt\u00f3 gyomokkal. Ezekt\u0151l val\u00f3ban nagy feladat megszabadulni.<\/p>\n\n\n\n<!--more-->\n\n\n\n<p>Megjelen\u00e9s\u00fck egyr\u00e9szt k\u00f6sz\u00f6nhet\u0151 a nem megfelel\u0151 gyeptelep\u00edt\u00e9si el\u0151k\u00e9sz\u00fcleteknek. Ugyanis ekkor kell alapjaiban fert\u0151tlen\u00edteni a talajt a megb\u00fav\u00f3 gyommagokt\u00f3l. M\u00e1sr\u00e9szt igaz\u00e1n nem is lehet v\u00e9dekezni ellene t\u00f6k\u00e9letesen, mivel ha megfelel\u0151en van kialak\u00edtva kert\u00fcnk, ak\u00e1r t\u00f6bb tucat mad\u00e1rnak adhat otthont, s nek\u00fcnk \u00f6r\u00f6met l\u00e1tv\u00e1nyuk.<\/p>\n\n\n\n<p>Ellenben ezek a kis lak\u00f3t\u00e1rsak \u2013 b\u00e1r megszabad\u00edtanak minket sok kellemetlenked\u0151 \u00e9l\u0151sk\u00f6d\u0151kt\u0151l, hozz\u00e1k magukkal a gyomok magvait. Ak\u00e1r \u00fcr\u00fcl\u00e9k\u00fckkel, ak\u00e1r l\u00e1bukra ragadva. \u00c9pp ez\u00e9rt itt is alkalmazhat\u00f3 az a r\u00e9gi magyar k\u00f6zmond\u00e1s, hogy a rest k\u00e9tszer f\u00e1rad! Ugyanis, ha a kor\u00e1bban sikeresen fert\u0151tlen\u00edtett udvarunkban fel\u00fcti fej\u00e9t a gyom, azt&nbsp;<strong>m\u00e9g azel\u0151tt kell kiirtani, miel\u0151tt term\u0151re fordul<\/strong>, s megfert\u0151zi magvaival az eg\u00e9sz gyepet.<\/p>\n\n\n\n<p>Erre lehet beszerezni p\u00e1r 100 Ft-os c\u00e9lszersz\u00e1mokat a kereskedelemben, de sz\u00e1mos szelekt\u00edv gyomirt\u00f3 szer is rendelkez\u00e9sre \u00e1ll a kerttulajdonosoknak.<\/p>\n\n\n\n<p>Itt is fel kell h\u00edvnunk a figyelmet a szakszer\u0171 kezel\u00e9sre, s arra, hogy k\u00e9rj\u00e9k ki tan\u00e1cs\u00e1t szakembernek \u2013 sok-sok bossz\u00fas\u00e1gt\u00f3l megk\u00edm\u00e9lhetik magukat!<\/p>\n\n\n\n<h5>Csak hogy a legegyszer\u0171bbet eml\u00edts\u00fck:<\/h5>\n\n\n\n<p>Ha gyep\u00fcnket gyomtalan\u00edtani szeretn\u00e9nk, akkor olyan&nbsp;<strong>gyomirt\u00f3t kell beszerezn\u00fcnk<\/strong>, mely egyszik\u0171ekre n\u00e9zve nem vesz\u00e9lyes. Ellenben el\u00e9g kev\u00e9s gondozott udvarban nem tal\u00e1lhat\u00f3 k\u00e9tszik\u0171 n\u00f6v\u00e9ny\u2026egy tuja bokor, p\u00e1r t\u0151 r\u00f3zsa, egyny\u00e1ri n\u00f6v\u00e9nyek\u2026<\/p>\n\n\n\n<p>Ha ezeket is \u00e9ri a lev\u00e9len felsz\u00edv\u00f3d\u00f3 szer, bizony k\u00f6nnyen megeshet, hogy \u00f6r\u00f6kre el kell k\u00f6sz\u00f6nn\u00fcnk kedvenc cserj\u00e9nkt\u0151l vagy r\u00f3zs\u00e1nkt\u00f3l\u2026<\/p>\n\n\n\n<p>\u00c9pp ez\u00e9rt ne sajn\u00e1ljuk r\u00e1 az id\u0151t, s ha a vegyszeres irt\u00e1s mellett d\u00f6nt\u00fcnk, mindig gondosan takarjuk v\u00e9dend\u0151 n\u00f6v\u00e9nyeinket, s mindig sz\u00e9lcsendben v\u00e9gezz\u00fck el a munk\u00e1t!<\/p>\n\n\n\n<h5>Lev\u00e9len kereszt\u00fcl felsz\u00edv\u00f3d\u00f3 gyomirt\u00f3 szerek<\/h5>\n\n\n\n<p>A lev\u00e9len kereszt\u00fcl felsz\u00edv\u00f3d\u00f3 gyomirt\u00f3 szerek csak k\u00e9s\u0151bb ak\u00e1r&nbsp;<strong>7-10 nap m\u00falva fejtik ki hat\u00e1sukat.<\/strong> \u00cdgy ne legy\u00fcnk szomor\u00faak, ha ak\u00e1r egy h\u00e9t ut\u00e1n is z\u00f6ldellnek \u201ekedvenc gyomjaink\u201d. Ellenben arra kell figyelni, hogy ezt az irt\u00e1si m\u00f3dszert adott esetben meg is kell ism\u00e9telni a fenti okok miatt. Egy h\u00e9t alatt, ak\u00e1r 10 cm-t is n\u0151het egy olyan gyom, melynek az els\u0151 gyomirt\u00e1skor m\u00e9g nem volt lev\u00e9lzete, melyen az felsz\u00edv\u00f3djon.<\/p>\n\n\n\n<p>\u00c9s m\u00e9g egy fontos dolog a vegyszeres gyomirt\u00e1s eset\u00e9n: GONDOLJUNK SZOMSZ\u00c9DAINKRA IS!<\/p>\n\n\n\n<p>AZ\u00c9RT, MERT NEK\u00dcNK A GYEP\u00dcNK A PORTA SZ\u00c9L\u00c9IG TART, ATT\u00d3L NEKI M\u00c9G LEHETNEK T\u00c9RELV\u00c1LASZT\u00d3 FUNKCI\u00d3T ELL\u00c1T\u00d3 CSERJ\u00c9I A KER\u00cdT\u00c9S\u00dcNK\u00d6N T\u00daL. K\u00c1R EGY \u00c9LETRE MEGRONTANI A J\u00d3SZOMSZ\u00c9DI VISZONYT P\u00c1R GAZ MIATT\u2026:)<\/p>\n<!-- AddThis Advanced Settings generic via filter on the_content --><!-- AddThis Share Buttons generic via filter on the_content -->","protected":false},"excerpt":{"rendered":"<p>Sokan k\u00fczdenek udvarukban a gy\u00f6ny\u00f6r\u0171 gyepfel\u00fcletet elcs\u00faf\u00edt\u00f3 gyomokkal. Ezekt\u0151l val\u00f3ban nagy feladat megszabadulni.<!-- AddThis Advanced Settings generic via filter on get_the_excerpt --><!-- AddThis Share Buttons generic via filter on get_the_excerpt --><\/p>\n","protected":false},"author":2,"featured_media":1185,"comment_status":"closed","ping_status":"closed","sticky":false,"template":"","format":"standard","meta":{"spay_email":"","jetpack_publicize_message":"","jetpack_is_tweetstorm":false},"categories":[54,53],"tags":[],"jetpack_featured_media_url":"https:\/\/i2.wp.com\/www.szabokertepito.hu\/tunderkertek\/wp-content\/uploads\/2019\/04\/Tokep.jpg?fit=640%2C480&ssl=1","jetpack_publicize_connections":[],"jetpack_sharing_enabled":false,"jetpack_shortlink":"https:\/\/wp.me\/paQIIV-j6","jetpack-related-posts":[{"id":1180,"url":"https:\/\/www.szabokertepito.hu\/tunderkertek\/gyepek-kezelese\/","url_meta":{"origin":1184,"position":0},"title":"Gyepek kezel\u00e9se","date":"2014.03.03.","format":false,"excerpt":"Napjainkban egyre t\u00f6bb parkot, kertet rendszeresen \u00f6nt\u00f6znek. Manaps\u00e1g m\u00e1r nehezen elfogadott \u00e1llapot, hogy a tavasz sor\u00e1n felhizlalt gyep ny\u00e1ron ki\u00e9gve \u00e9ktelenkedik udvarunkon. Ezen k\u00edv\u00fcl sz\u00e1mos olyan vitazil\u00e1l\u00f3 szert is kaphatunk a piacon, melyek vegyes eredm\u00e9nyeket hozhatnak udvarunkban. Minden esetben c\u00e9lszer\u0171 szakemberrel konzult\u00e1lni, hogy az udvarunknak milyen a talaja, s mire\u2026","rel":"","context":"In &quot;Kertgondoz\u00e1si tan\u00e1csok&quot;","img":{"alt_text":"","src":"https:\/\/i0.wp.com\/www.szabokertepito.hu\/tunderkertek\/wp-content\/uploads\/2019\/04\/Gyepek-kezel\u00e9se.jpg?fit=640%2C480&ssl=1&resize=350%2C200","width":350,"height":200},"classes":[]},{"id":1187,"url":"https:\/\/www.szabokertepito.hu\/tunderkertek\/kora-tavaszi-metszes\/","url_meta":{"origin":1184,"position":1},"title":"Kora tavaszi metsz\u00e9s","date":"2014.03.29.","format":false,"excerpt":"B\u00e1r id\u00e9n enyhe volt a t\u00e9l, m\u00e9g j\u00f6hetnek fagyok, melyek pr\u00f3b\u00e1ra teszik n\u00f6v\u00e9nyeinket. Akik \u0151sszel nem gondoskodtak kell\u0151k\u00e9pp a t\u00e9li felk\u00e9sz\u00fcl\u00e9sr\u0151l, bizony kellemetlen meglepet\u00e9sekkel sz\u00e1molhatnak ilyenkor. A kem\u00e9ny fagyok nem csak minket, de kedvenc bokrainkat, cserj\u00e9inket, d\u00edszf\u00e1inkat is megviselik. Nem kell meglep\u0151dni, ha valamelyik n\u00f6v\u00e9ny egy-k\u00e9t \u00e1ga elfagy, vagy a\u2026","rel":"","context":"In &quot;Kertgondoz\u00e1si tan\u00e1csok&quot;","img":{"alt_text":"","src":"https:\/\/i1.wp.com\/www.szabokertepito.hu\/tunderkertek\/wp-content\/uploads\/2019\/04\/Tavaszi-metsz\u00e9s.png?fit=800%2C499&ssl=1&resize=350%2C200","width":350,"height":200},"classes":[]},{"id":1408,"url":"https:\/\/www.szabokertepito.hu\/tunderkertek\/budapest-belvaros-120-eves-udvar-megujul\/","url_meta":{"origin":1184,"position":2},"title":"Budapest, Belv\u00e1ros, 120 \u00e9ves udvar meg\u00fajul","date":"2015.06.17.","format":false,"excerpt":"A tervez\u0151 - Gomb\u00e1sn\u00e9 Magyar Csilla - v\u00e9lem\u00e9nye: K\u00fcl\u00f6n\u00f6sen kedves kerttervez\u00e9si feladat volt ennek a sz\u00e9p belv\u00e1rosi b\u00e9rh\u00e1znak a bels\u0151 udvar\u00e1ra kertet \u00e1lmodni. Az eddig teljes eg\u00e9sz\u00e9ben kockak\u0151vel burkolt, s\u00f6t\u00e9t udvaron csak a kuk\u00e1k sorfala \u00e9s n\u00e9h\u00e1ny cserepes n\u00f6v\u00e9ny \u00e1rv\u00e1lkodott. Az alaprajzi kialak\u00edt\u00e1shoz a f\u00f6ldszinti kij\u00e1ratok, pinceablakok, \u00e9s egy sz\u00e9p\u2026","rel":"","context":"In &quot;Kert\u00e9p\u00edt\u00e9s&quot;","img":{"alt_text":"","src":"https:\/\/i1.wp.com\/www.szabokertepito.hu\/tunderkertek\/wp-content\/uploads\/2019\/04\/L\u00e1togat\u00e1s-02.jpg?fit=960%2C720&ssl=1&resize=350%2C200","width":350,"height":200},"classes":[]},{"id":1192,"url":"https:\/\/www.szabokertepito.hu\/tunderkertek\/gyepfiatalitas\/","url_meta":{"origin":1184,"position":3},"title":"Gyepfiatal\u00edt\u00e1s","date":"2014.04.10.","format":false,"excerpt":"Sokakban felmer\u00fcl, az id\u0151s gyepeket hogyan lehet megfiatal\u00edtani, j\u00f3 kond\u00edci\u00f3ban tartani. Olvas\u00f3ink jelezt\u00e9k, hogy tan\u00e1csaink hasznosak voltak. Viszont sz\u00e1mos esetben felmer\u00fcl az a feladat, \u00e9bred\u0151 udvarunkban, mikor egy ter\u00fcletet frissen szeretn\u00e9nk f\u0171vel telep\u00edteni. Ennek sz\u00e1mos oka lehet: Lehets\u00e9ges, hogy elbontottunk egy r\u00e9gi, megromlott \u00e1llapot\u00fa \u00e9p\u00fcletet, s a hely\u00e9n a puszta\u2026","rel":"","context":"In &quot;Kertgondoz\u00e1si tan\u00e1csok&quot;","img":{"alt_text":"","src":"https:\/\/i0.wp.com\/www.szabokertepito.hu\/tunderkertek\/wp-content\/uploads\/2019\/04\/Gyep-fiatal\u00edt\u00e1s.jpg?fit=640%2C480&ssl=1&resize=350%2C200","width":350,"height":200},"classes":[]},{"id":1196,"url":"https:\/\/www.szabokertepito.hu\/tunderkertek\/ontozes-ontozo-rendszerek-alkalmazasa\/","url_meta":{"origin":1184,"position":4},"title":"\u00d6nt\u00f6z\u00e9s, \u00f6nt\u00f6z\u0151 rendszerek alkalmaz\u00e1sa","date":"2014.05.05.","format":false,"excerpt":"De nem kell felt\u00e9tlen\u00fcl h\u00e1l\u00f3zati vizet haszn\u00e1lnunk a \u00f6nt\u00f6z\u00e9shez. Gazdas\u00e1gosabb \u00e9s jobb is, ha m\u00f3d van\u00a0es\u0151v\u00edz gy\u0171jt\u00e9s\u00e9re. L\u00e1gyabb, kevesebb mesters\u00e9ges anyagot tartalmaz, s ami nagyon fontos, ingyen van! Ez eredeztethet\u0151 a kor\u00e1bbi, t\u00f6bb \u00e9vtizeddel ezel\u0151tti id\u0151szak beidegz\u0151d\u00e9seib\u0151l, valamint olyan inform\u00e1ci\u00f3kra \u00e9p\u00edtett hitekb\u0151l, melyek visszatartj\u00e1k a kerttulajdonosokat abban, hogy belev\u00e1gjanak egy\u00a0automata\u2026","rel":"","context":"In &quot;Kertgondoz\u00e1si tan\u00e1csok&quot;","img":{"alt_text":"","src":"https:\/\/i2.wp.com\/www.szabokertepito.hu\/tunderkertek\/wp-content\/uploads\/2019\/04\/\u00d6nt\u00f6z\u0151rendszerek.jpg?fit=640%2C480&ssl=1&resize=350%2C200","width":350,"height":200},"classes":[]},{"id":1200,"url":"https:\/\/www.szabokertepito.hu\/tunderkertek\/gardenexpo-es-orchidea-unnep\/","url_meta":{"origin":1184,"position":5},"title":"Gardenexpo \u00e9s orchidea \u00fcnnep","date":"2015.03.23.","format":false,"excerpt":"\u00c9pp riport k\u00e9sz\u00fclt Szab\u00f3 L\u00e1szl\u00f3val, a Szab\u00f3 Kert\u00e9p\u00edt\u0151 Kft. tulajdonos\u00e1val. \u0150 a MAKEOSZ egyik k\u00e9pvisel\u0151jek\u00e9nt volt kinn. Kertb\u0151l, ahhoz kapcsol\u00f3d\u00f3kb\u00f3l a hely t\u00f6bbsz\u00f6r\u00f6se is kev\u00e9s lett volna. Kicsi, \u00e9p\u00edtett kertecsk\u00e9k, orchide\u00e1k, orchideakertek, m\u00e1s kerti vir\u00e1gok. Emellett a kert megjelen\u00e9s\u00e9hez, a kert\u00e9szked\u00e9sen k\u00edv\u00fcli kellemes kerti id\u0151t\u00f6lt\u00e9shez kapcsol\u00f3d\u00f3 eszk\u00f6z\u00f6k is voltak b\u0151ven.\u2026","rel":"","context":"In &quot;Ki\u00e1ll\u00edt\u00e1s&quot;","img":{"alt_text":"","src":"https:\/\/i2.wp.com\/www.szabokertepito.hu\/tunderkertek\/wp-content\/uploads\/2019\/04\/Lacifot\u00f3.jpg?fit=1200%2C900&ssl=1&resize=350%2C200","width":350,"height":200},"classes":[]}],"_links":{"self":[{"href":"https:\/\/www.szabokertepito.hu\/tunderkertek\/wp-json\/wp\/v2\/posts\/1184"}],"collection":[{"href":"https:\/\/www.szabokertepito.hu\/tunderkertek\/wp-json\/wp\/v2\/posts"}],"about":[{"href":"https:\/\/www.szabokertepito.hu\/tunderkertek\/wp-json\/wp\/v2\/types\/post"}],"author":[{"embeddable":true,"href":"https:\/\/www.szabokertepito.hu\/tunderkertek\/wp-json\/wp\/v2\/users\/2"}],"replies":[{"embeddable":true,"href":"https:\/\/www.szabokertepito.hu\/tunderkertek\/wp-json\/wp\/v2\/comments?post=1184"}],"version-history":[{"count":2,"href":"https:\/\/www.szabokertepito.hu\/tunderkertek\/wp-json\/wp\/v2\/posts\/1184\/revisions"}],"predecessor-version":[{"id":1191,"href":"https:\/\/www.szabokertepito.hu\/tunderkertek\/wp-json\/wp\/v2\/posts\/1184\/revisions\/1191"}],"wp:featuredmedia":[{"embeddable":true,"href":"https:\/\/www.szabokertepito.hu\/tunderkertek\/wp-json\/wp\/v2\/media\/1185"}],"wp:attachment":[{"href":"https:\/\/www.szabokertepito.hu\/tunderkertek\/wp-json\/wp\/v2\/media?parent=1184"}],"wp:term":[{"taxonomy":"category","embeddable":true,"href":"https:\/\/www.szabokertepito.hu\/tunderkertek\/wp-json\/wp\/v2\/categories?post=1184"},{"taxonomy":"post_tag","embeddable":true,"href":"https:\/\/www.szabokertepito.hu\/tunderkertek\/wp-json\/wp\/v2\/tags?post=1184"}],"curies":[{"name":"wp","href":"https:\/\/api.w.org\/{rel}","templated":true}]}}