{"id":1071,"date":"2018-07-01T01:33:09","date_gmt":"2018-06-30T23:33:09","guid":{"rendered":"https:\/\/www.szabokertepito.hu\/tunderkertek\/?p=1071"},"modified":"2019-04-18T11:30:00","modified_gmt":"2019-04-18T09:30:00","slug":"helyi-flora-a-hegyek-kozott","status":"publish","type":"post","link":"https:\/\/www.szabokertepito.hu\/tunderkertek\/helyi-flora-a-hegyek-kozott\/","title":{"rendered":"Helyi fl\u00f3ra a hegyek k\u00f6z\u00f6tt"},"content":{"rendered":"\n<p>A kiemelt k\u00e9pen: A hegyi k\u00e9kcsillag vir\u00e1g (Jasione Montana), m\u00e1s n\u00e9ven isten vir\u00e1ga. Haz\u00e1nkban is \u00e9l homokpuszt\u00e1kon, erd\u0151kben. El\u0151fordul a Ny\u00edrs\u00e9gt\u0151l a Balaton vid\u00e9k\u00e9ig.<\/p>\n\n\n\n<!--more-->\n\n\n\n<p>Bar\u00e1tcserje (Vitex agnus-castus), ny\u00e1r k\u00f6zep\u00e9t\u0151l \u0151sz k\u00f6zep\u00e9ig vir\u00e1gz\u00f3 kellemes illat\u00fa mediterr\u00e1n cserje. Alb\u00e1ni\u00e1ban vadon \u00e9l.<\/p>\n\n\n\n<div class=\"wp-block-image\"><figure class=\"aligncenter\"><a href=\"https:\/\/i1.wp.com\/1.bp.blogspot.com\/-51jG7_NyLPM\/WzU_b2ARoTI\/AAAAAAAAFYI\/tw6QpgpXx8kPZYGfk1Yzhfji5P5SCPQqACLcBGAs\/s1600\/Bar%25C3%25A1tcserje%2B01.jpg?ssl=1\"><img src=\"https:\/\/i0.wp.com\/1.bp.blogspot.com\/-51jG7_NyLPM\/WzU_b2ARoTI\/AAAAAAAAFYI\/tw6QpgpXx8kPZYGfk1Yzhfji5P5SCPQqACLcBGAs\/s640\/Bar%25C3%25A1tcserje%2B01.jpg?w=640&#038;ssl=1\" alt=\"\" data-recalc-dims=\"1\"\/><\/a><\/figure><\/div>\n\n\n\n<div class=\"wp-block-image\"><figure class=\"aligncenter\"><a href=\"https:\/\/i2.wp.com\/1.bp.blogspot.com\/-uitoQA364Wc\/WzU_b9czryI\/AAAAAAAAFYE\/-_NxgpUHom8dIAUkD9kWKoVZNgLc5zWZgCLcBGAs\/s1600\/Bar%25C3%25A1tcserje%2B02.jpg?ssl=1\"><img src=\"https:\/\/i0.wp.com\/1.bp.blogspot.com\/-uitoQA364Wc\/WzU_b9czryI\/AAAAAAAAFYE\/-_NxgpUHom8dIAUkD9kWKoVZNgLc5zWZgCLcBGAs\/s640\/Bar%25C3%25A1tcserje%2B02.jpg?w=640&#038;ssl=1\" alt=\"\" data-recalc-dims=\"1\"\/><\/a><\/figure><\/div>\n\n\n\n<div class=\"wp-block-image\"><figure class=\"aligncenter\"><a href=\"https:\/\/i0.wp.com\/2.bp.blogspot.com\/-hcIbae1fyT8\/WzU_b9d-kAI\/AAAAAAAAFYA\/jBBx6ti9R3cZEm72HsIKpZZnzN7mCXHQgCLcBGAs\/s1600\/Bar%25C3%25A1tcserje%2B03.jpg?ssl=1\"><img src=\"https:\/\/i0.wp.com\/2.bp.blogspot.com\/-hcIbae1fyT8\/WzU_b9d-kAI\/AAAAAAAAFYA\/jBBx6ti9R3cZEm72HsIKpZZnzN7mCXHQgCLcBGAs\/s640\/Bar%25C3%25A1tcserje%2B03.jpg?w=640&#038;ssl=1\" alt=\"\" data-recalc-dims=\"1\"\/><\/a><\/figure><\/div>\n\n\n\n<p>A helyi flora n\u00e9h\u00e1ny m\u00e1sik k\u00e9pvisel\u0151je<\/p>\n\n\n\n<div class=\"wp-block-image\"><figure class=\"aligncenter\"><a href=\"https:\/\/i2.wp.com\/4.bp.blogspot.com\/-kF1lpi2MYSw\/WzU_inpVhyI\/AAAAAAAAFYQ\/6fCb07GTbc8WyFcp6LuDwg45ZiE0jMv8gCLcBGAs\/s1600\/Flora%2B01.jpg?ssl=1\"><img src=\"https:\/\/i1.wp.com\/4.bp.blogspot.com\/-kF1lpi2MYSw\/WzU_inpVhyI\/AAAAAAAAFYQ\/6fCb07GTbc8WyFcp6LuDwg45ZiE0jMv8gCLcBGAs\/s640\/Flora%2B01.jpg?w=640&#038;ssl=1\" alt=\"\" data-recalc-dims=\"1\"\/><\/a><\/figure><\/div>\n\n\n\n<div class=\"wp-block-image\"><figure class=\"aligncenter\"><a href=\"https:\/\/i2.wp.com\/2.bp.blogspot.com\/-OXFR9Z35UoM\/WzU_ihXYYmI\/AAAAAAAAFYM\/TE1YpElRVaMak1xWpfcEIB-iokr0BlywQCLcBGAs\/s1600\/Flora%2B02.jpg?ssl=1\"><img src=\"https:\/\/i1.wp.com\/2.bp.blogspot.com\/-OXFR9Z35UoM\/WzU_ihXYYmI\/AAAAAAAAFYM\/TE1YpElRVaMak1xWpfcEIB-iokr0BlywQCLcBGAs\/s640\/Flora%2B02.jpg?w=640&#038;ssl=1\" alt=\"\" data-recalc-dims=\"1\"\/><\/a><\/figure><\/div>\n\n\n\n<div class=\"wp-block-image\"><figure class=\"aligncenter\"><a href=\"https:\/\/i2.wp.com\/3.bp.blogspot.com\/-YPY6ITgxI8s\/WzU_imDAVTI\/AAAAAAAAFYU\/ZCk7IwXLn0wPYAZ3_h-_paL4Eup-5tusQCLcBGAs\/s1600\/Flora%2B03.jpg?ssl=1\"><img src=\"https:\/\/i0.wp.com\/3.bp.blogspot.com\/-YPY6ITgxI8s\/WzU_imDAVTI\/AAAAAAAAFYU\/ZCk7IwXLn0wPYAZ3_h-_paL4Eup-5tusQCLcBGAs\/s640\/Flora%2B03.jpg?w=640&#038;ssl=1\" alt=\"\" data-recalc-dims=\"1\"\/><\/a><\/figure><\/div>\n\n\n\n<div class=\"wp-block-image\"><figure class=\"aligncenter\"><a href=\"https:\/\/i0.wp.com\/4.bp.blogspot.com\/-P8m9Wb93Ofg\/WzU_jFdOwjI\/AAAAAAAAFYY\/J2IZQEE1-cYvMBeBfsYuAVjA25KvcfFsACLcBGAs\/s1600\/Flora%2B04.jpg?ssl=1\"><img src=\"https:\/\/i2.wp.com\/4.bp.blogspot.com\/-P8m9Wb93Ofg\/WzU_jFdOwjI\/AAAAAAAAFYY\/J2IZQEE1-cYvMBeBfsYuAVjA25KvcfFsACLcBGAs\/s640\/Flora%2B04.jpg?w=640&#038;ssl=1\" alt=\"\" data-recalc-dims=\"1\"\/><\/a><\/figure><\/div>\n\n\n\n<div class=\"wp-block-image\"><figure class=\"aligncenter\"><a href=\"https:\/\/i1.wp.com\/3.bp.blogspot.com\/-cSrFWGtXEko\/WzU_jjAG_fI\/AAAAAAAAFYc\/zsu-07iGf_khHlHgUatfzDdvxXJTCLUggCLcBGAs\/s1600\/Flora%2B05.jpg?ssl=1\"><img src=\"https:\/\/i0.wp.com\/3.bp.blogspot.com\/-cSrFWGtXEko\/WzU_jjAG_fI\/AAAAAAAAFYc\/zsu-07iGf_khHlHgUatfzDdvxXJTCLUggCLcBGAs\/s640\/Flora%2B05.jpg?w=640&#038;ssl=1\" alt=\"\" data-recalc-dims=\"1\"\/><\/a><\/figure><\/div>\n\n\n\n<p><div><br><\/div><\/p>\n<!-- AddThis Advanced Settings generic via filter on the_content --><!-- AddThis Share Buttons generic via filter on the_content -->","protected":false},"excerpt":{"rendered":"<p>A kiemelt k\u00e9pen: A hegyi k\u00e9kcsillag vir\u00e1g (Jasione Montana), m\u00e1s n\u00e9ven isten vir\u00e1ga. Haz\u00e1nkban is [&hellip;]<!-- AddThis Advanced Settings generic via filter on get_the_excerpt --><!-- AddThis Share Buttons generic via filter on get_the_excerpt --><\/p>\n","protected":false},"author":2,"featured_media":1072,"comment_status":"closed","ping_status":"closed","sticky":false,"template":"","format":"standard","meta":{"spay_email":"","jetpack_publicize_message":"","jetpack_is_tweetstorm":false},"categories":[49,35],"tags":[],"jetpack_featured_media_url":"https:\/\/i0.wp.com\/www.szabokertepito.hu\/tunderkertek\/wp-content\/uploads\/2019\/04\/Flora-03.jpg?fit=640%2C480&ssl=1","jetpack_publicize_connections":[],"jetpack_sharing_enabled":false,"jetpack_shortlink":"https:\/\/wp.me\/paQIIV-hh","jetpack-related-posts":[{"id":1054,"url":"https:\/\/www.szabokertepito.hu\/tunderkertek\/hegyek-kozott\/","url_meta":{"origin":1071,"position":0},"title":"Hegyek k\u00f6z\u00f6tt","date":"2018.06.28.","format":false,"excerpt":"Ura e Mesit (Mesi h\u00edd), Alb\u00e1nia A 450 \u00e9ves t\u00f6r\u00f6k h\u00f3dolts\u00e1g idej\u00e9n, 1770-ben \u00e9p\u00fclt a 13 lyuk\u00fa \u2018szam\u00e1rh\u00e1t\u00fa\u2019 igen l\u00e1tv\u00e1nyos h\u00edd. Ab\u00e1nia Theth v\u00f6lgye Nd\u00ebrlysaj A b\u00e1trak \u00fatja","rel":"","context":"In &quot;Alb\u00e1nia&quot;","img":{"alt_text":"","src":"https:\/\/i2.wp.com\/www.szabokertepito.hu\/tunderkertek\/wp-content\/uploads\/2019\/04\/Mesi-h\u00edd-01.jpg?fit=640%2C480&ssl=1&resize=350%2C200","width":350,"height":200},"classes":[]},{"id":1078,"url":"https:\/\/www.szabokertepito.hu\/tunderkertek\/farma-sotira\/","url_meta":{"origin":1071,"position":1},"title":"Farma Sotira","date":"2018.07.09.","format":false,"excerpt":"F\u00fcrd\u0151z\u00e9s \u00fat k\u00f6zben Farma Sotira fel\u00e9: Rruga e Benjes, Alb\u00e1nia Term\u00e1lv\u00edzf\u00fcrd\u0151 a K\u00f6z\u00e9pkori-h\u00edd t\u00f6v\u00e9ben. A j\u00e9ghideg v\u00edz\u0171 foly\u00f3 partj\u00e1n felt\u00f6r\u0151 term\u00e1lv\u00edz forr\u00e1sok mell\u00e9 g\u00e1takat emeltek, ezek medenc\u00e9iben lubickolhattunk. Farma Sotira A farm az Alb\u00e1n-G\u00f6r\u00f6g hat\u00e1ron a hegyekben, ahol egy csal\u00e1d 20 \u00e9ve vette a ter\u00fcletet, az\u00f3ta gazd\u00e1lkodik \u00e9s vend\u00e9gl\u00e1t\u00e1ssal foglalkoznak\u2026","rel":"","context":"In &quot;Alb\u00e1nia&quot;","img":{"alt_text":"","src":"https:\/\/i2.wp.com\/www.szabokertepito.hu\/tunderkertek\/wp-content\/uploads\/2019\/04\/Term\u00e1l-02.jpg?fit=640%2C480&ssl=1&resize=350%2C200","width":350,"height":200},"classes":[]},{"id":1074,"url":"https:\/\/www.szabokertepito.hu\/tunderkertek\/kolonje\/","url_meta":{"origin":1071,"position":2},"title":"Kolonje","date":"2018.07.11.","format":false,"excerpt":"Szikl\u00e1s, n\u00e9hol m\u00e9g mindig havas hegycs\u00facsok, sz\u00e9n\u00e9get\u0151k, hegyi p\u00e1sztorok, v\u00e1ltozatos vir\u00e1gos r\u00e9tek-legel\u0151k, erd\u0151k, krist\u00e1lytiszta viz\u0171 patakok, forr\u00e1sok, bar\u00e1ts\u00e1gos vend\u00e9gszeret\u0151 alb\u00e1nok k\u00f6zt t\u00far\u00e1z\u00e1s a hegyekben.","rel":"","context":"In &quot;Alb\u00e1nia&quot;","img":{"alt_text":"","src":"https:\/\/i0.wp.com\/www.szabokertepito.hu\/tunderkertek\/wp-content\/uploads\/2019\/04\/Kolonje-05.jpg?fit=640%2C480&ssl=1&resize=350%2C200","width":350,"height":200},"classes":[]},{"id":1016,"url":"https:\/\/www.szabokertepito.hu\/tunderkertek\/meg-egy-kis-montenegro\/","url_meta":{"origin":1071,"position":3},"title":"M\u00e9g egy kis Montenegr\u00f3","date":"2016.08.09.","format":false,"excerpt":"Ma engem tettek meg kr\u00f3nik\u00e1snak, hogy megmutassam, milyen volt ez a h\u00e9t Montenegr\u00f3ban. Lehet nyugodtan idek\u00e9sz\u00edteni az esti kaka\u00f3t, vagy a reggeli k\u00e1v\u00e9t. Hossz\u00fa lesz a t\u00f6rt\u00e9net, de f\u0151leg sok a k\u00e9p. Az els\u0151 \u00fat a fekete t\u00f3hoz vezetett. Crno jezero - Fekete t\u00f3 Durmitor hegyi juh\u00e1szlak: A Durmitor Nemzeti\u2026","rel":"","context":"In &quot;Montenegr\u00f3&quot;","img":{"alt_text":"","src":"https:\/\/i1.wp.com\/www.szabokertepito.hu\/tunderkertek\/wp-content\/uploads\/2016\/08\/Durmitor-Nemzeti-Park-12.jpg?fit=640%2C480&ssl=1&resize=350%2C200","width":350,"height":200},"classes":[]},{"id":1325,"url":"https:\/\/www.szabokertepito.hu\/tunderkertek\/kali-medence-izelito\/","url_meta":{"origin":1071,"position":4},"title":"K\u00e1li medence - \u00edzel\u00edt\u0151","date":"2015.06.04.","format":false,"excerpt":"A Balaton-felvid\u00e9ki Nemzeti Park egyik leg\u00e9rt\u00e9kesebb gy\u00f6ngyszeme a K\u00e1li-medence. Ez a vid\u00e9k t\u00e9len nyugodt, csendes, tavasszal \u00e9bred, ny\u00e1ron ny\u00fczsg\u0151, de igaz\u00e1n \u0151sszel \u00e9l. Az \u00e9r\u0151 sz\u0151l\u0151 \u00fczenete: k\u00f6zeledik a sz\u00fcret. A csod\u00e1latos panor\u00e1m\u00e1s t\u00e1jat a medence \u00e9szaki r\u00e9sz\u00e9n fekv\u0151 Fekete-hegyr\u0151l is remek\u00fcl meg lehet figyelni. A nagyra n\u0151tt t\u00f6lgyf\u00e1k m\u00e1r\u2026","rel":"","context":"In &quot;Magyarorsz\u00e1g&quot;","img":{"alt_text":"","src":"https:\/\/i1.wp.com\/www.szabokertepito.hu\/tunderkertek\/wp-content\/uploads\/2019\/04\/K\u00e1li-medence.png?fit=754%2C470&ssl=1&resize=350%2C200","width":350,"height":200},"classes":[]},{"id":1500,"url":"https:\/\/www.szabokertepito.hu\/tunderkertek\/apuai-alpok\/","url_meta":{"origin":1071,"position":5},"title":"Apuai Alpok","date":"2015.07.07.","format":false,"excerpt":"A minden\u00fctt legyen term\u00e9szet szerelmeseinek. Vir\u00e1gok \u00fat k\u00f6zben: Bar\u00e1tcserje\u00a0(Vitex agnus-castum) ny\u00e1ron hosszan vir\u00e1gz\u00f3 illatos cserje. Kev\u00e9sb\u00e9 ismert n\u00e1lunk, pedig j\u00f3l t\u00e9l\u00e1ll\u00f3 gyorsan n\u00f6v\u0151 bokor. Hortenzi\u00e1k\u00a0( Hydrangea macrophylla Az Apuai Alpok: Saint Viviano sziklatemploma Pihen\u0151 a templom mellett Zan\u00f3t\u00a0(Cytissus praecox) pillang\u00f3s vir\u00e1g\u00fa k\u00fcl\u00f6nleges kin\u00e9zet\u0171 lombj\u00e1val vir\u00e1gz\u00e1son k\u00edv\u00fcl is \u00e9rdekes alacsony cserje.\u2026","rel":"","context":"In &quot;Olaszorsz\u00e1g&quot;","img":{"alt_text":"","src":"https:\/\/i2.wp.com\/www.szabokertepito.hu\/tunderkertek\/wp-content\/uploads\/2019\/04\/Apuai-Alpok-04.jpg?fit=640%2C480&ssl=1&resize=350%2C200","width":350,"height":200},"classes":[]}],"_links":{"self":[{"href":"https:\/\/www.szabokertepito.hu\/tunderkertek\/wp-json\/wp\/v2\/posts\/1071"}],"collection":[{"href":"https:\/\/www.szabokertepito.hu\/tunderkertek\/wp-json\/wp\/v2\/posts"}],"about":[{"href":"https:\/\/www.szabokertepito.hu\/tunderkertek\/wp-json\/wp\/v2\/types\/post"}],"author":[{"embeddable":true,"href":"https:\/\/www.szabokertepito.hu\/tunderkertek\/wp-json\/wp\/v2\/users\/2"}],"replies":[{"embeddable":true,"href":"https:\/\/www.szabokertepito.hu\/tunderkertek\/wp-json\/wp\/v2\/comments?post=1071"}],"version-history":[{"count":1,"href":"https:\/\/www.szabokertepito.hu\/tunderkertek\/wp-json\/wp\/v2\/posts\/1071\/revisions"}],"predecessor-version":[{"id":1073,"href":"https:\/\/www.szabokertepito.hu\/tunderkertek\/wp-json\/wp\/v2\/posts\/1071\/revisions\/1073"}],"wp:featuredmedia":[{"embeddable":true,"href":"https:\/\/www.szabokertepito.hu\/tunderkertek\/wp-json\/wp\/v2\/media\/1072"}],"wp:attachment":[{"href":"https:\/\/www.szabokertepito.hu\/tunderkertek\/wp-json\/wp\/v2\/media?parent=1071"}],"wp:term":[{"taxonomy":"category","embeddable":true,"href":"https:\/\/www.szabokertepito.hu\/tunderkertek\/wp-json\/wp\/v2\/categories?post=1071"},{"taxonomy":"post_tag","embeddable":true,"href":"https:\/\/www.szabokertepito.hu\/tunderkertek\/wp-json\/wp\/v2\/tags?post=1071"}],"curies":[{"name":"wp","href":"https:\/\/api.w.org\/{rel}","templated":true}]}}